{"id":100196,"date":"2021-12-29T16:11:20","date_gmt":"2021-12-29T21:11:20","guid":{"rendered":"http:\/\/elcuartopoder.com.mx\/nw\/?p=100196"},"modified":"2021-12-29T10:15:48","modified_gmt":"2021-12-29T15:15:48","slug":"esto-es-lo-que-sienten-las-personas-que-odian-la-navidad","status":"publish","type":"post","link":"http:\/\/elcuartopoder.com.mx\/nw\/entretenimiento\/salud\/esto-es-lo-que-sienten-las-personas-que-odian-la-navidad\/","title":{"rendered":"Esto es lo que sienten las personas que odian la Navidad"},"content":{"rendered":"\n<h2 class=\"wp-block-heading\">Esta \u00e9poca implica un cierre de ciclo y comenzar a hacer un balance sobre el a\u00f1o, valor\u00e1ndonos a nosotros mismo frente a determinadas situaciones o emociones que hemos vivido<\/h2>\n\n\n\n<p>Podr\u00edamos decir que el mundo se divide entre aquellos que <strong>aman la Navidad y los que la detestan<\/strong>. Esta \u00e9poca implica un cierre de ciclo y comenzamos a hacer un\u00a0<strong>balance del a\u00f1o<\/strong>, valor\u00e1ndonos a nosotros mismo frente a determinadas situaciones o emociones que hemos vivido en los \u00faltimos meses. Tambi\u00e9n es sin\u00f3nimo de festejos, felicidad y buenas acciones, pero hay algunas personas que sienten tristeza, a\u00f1oranza o soledad en estas fechas.<\/p>\n\n\n\n<p>Carolina Lozano, psic\u00f3loga en&nbsp;<a href=\"https:\/\/www.mundopsicologos.com\/\" target=\"_blank\" rel=\"noreferrer noopener\">Mundo Psic\u00f3logos<\/a>, se\u00f1ala que durante esta \u00e9poca del a\u00f1o&nbsp;<strong>se incrementa la tasa de suicidios y depresi\u00f3n en un 40%<\/strong>&nbsp;entre la poblaci\u00f3n, seg\u00fan el Instituto Nacional de la Salud de Estados Unidos. Adem\u00e1s, el Instituto Nacional de Estad\u00edstica (INE) comparte que 4,6 millones de personas viven solas en Espa\u00f1a y el 41,8% son mayores de 65 a\u00f1os, por lo que pasar\u00e1n la Navidad aislados.<\/p>\n\n\n\n<p>Esto nos indica que s\u00ed que hay personas m\u00e1s sensibles a esta \u00e9poca del a\u00f1o.<\/p>\n\n\n\n<p>Aquellos que son muy sensibles a la Navidad \u2013apunta Lozano\u2013 puede ser debido a una&nbsp;<strong>mala regulaci\u00f3n emocional<\/strong>, lo que puede derivar en Trastorno Afectivo Estacional (TAE); s\u00edndrome del Grinch, que odian todo lo que tenga alg\u00fan significado navide\u00f1o, como los villancicos, las luces, los adornos o regalos; s\u00edndrome de la de la silla vac\u00eda, donde las emociones por la p\u00e9rdida de un ser querido entran en conflicto con el clima navide\u00f1o; y el s\u00edndrome del villancico, que tiene lugar cuando la persona entra en conflicto consigo misma, pues no conecta con este festejo y le genera ansiedad y estr\u00e9s.<\/p>\n\n\n\n<figure class=\"wp-block-image\"><img decoding=\"async\" src=\"https:\/\/static4.abc.es\/media\/bienestar\/2021\/12\/27\/odiar-navidad2-kiuH--510x349@abc.jpg\" alt=\"Adobe Stock\"\/><figcaption>Adobe Stock<\/figcaption><\/figure>\n\n\n\n<h3 class=\"wp-block-heading\">\u00bfC\u00f3mo se sienten?<\/h3>\n\n\n\n<p>Los que odian esta \u00e9poca del a\u00f1o tienen un\u00a0<strong>pensamiento distorsionado de polarizaci\u00f3n<\/strong>, seg\u00fan explica esta psic\u00f3loga, y no todo es blanco o negro. \u00abConectan con mayor facilidad con la tristeza, el enfado, la pereza o desd\u00e9n que implica toda la organizaci\u00f3n de estos festejos, dando como resultado un incremento del estr\u00e9s y mayor predisposici\u00f3n a los conflictos familiares\u00bb. Esto puede estar ocasionado por las expectativas esperadas que no suelen acompa\u00f1ar la realidad.<\/p>\n\n\n\n<h4 class=\"wp-block-heading\">Caracter\u00edsticas<\/h4>\n\n\n\n<ul class=\"wp-block-list\"><li>Molestia abrupta ante todas las decoraciones o tem\u00e1ticas de este festejo<\/li><li>Nulo inter\u00e9s por la Navidad y todo lo que la rodea<\/li><li>Aislamiento o nada de inter\u00e9s ante las actividades que impliquen algo relacionado con estas fechas<\/li><li>A nivel emocional: sentir enfado, frustraci\u00f3n, celos, apat\u00eda, tristeza o des\u00e1nimo<\/li><\/ul>\n\n\n\n<p>Adem\u00e1s son personas que&nbsp;<strong>tienden a aislarse<\/strong>&nbsp;durante estas fechas, ya que en su casa se sienten m\u00e1s refugiados, sin adornos, ni celebraciones, ni aglomeraciones de gente que derrochan felicidad y alegr\u00eda. \u00abEl ver a los dem\u00e1s felices, hace que conecten con la emoci\u00f3n del enfado, dando como resultado el odiar la Navidad\u00bb, manifiesta Lozano. Adem\u00e1s, las reuniones familiares y ese grado de obligaci\u00f3n que conlleva les generan rechazo, estr\u00e9s y ansiedad, y se a\u00edslan para evitar un tipo de contacto que&nbsp;<strong>identifican como innecesario o hip\u00f3crita<\/strong>.<\/p>\n\n\n\n<p>\u00ab<strong>Trabajar la gesti\u00f3n emocional&nbsp;<\/strong>es algo muy razonable para poder confrontar aquellas emociones que los invaden. Comprender el porqu\u00e9 de las mismas y por qu\u00e9 conecto con ellas\u00bb, recomienda la psic\u00f3loga. Se trata de comenzar a ver la Navidad desde otra perspectiva, pues al final es una \u00e9poca de vacaciones en la que puedes dedicarte tiempo a ti.<\/p>\n\n\n\n<p>Si no te gusta esta \u00e9poca del a\u00f1o piensa que esta es puntual, tiene fin. Pero\u00a0<strong>no dejes de ser t\u00fa mismo<\/strong>, no tienes que esforzarte ni dejarte arrastrar por la mayor\u00eda. \u00abT\u00fa eres t\u00fa y no debes adaptarte al gusto de los dem\u00e1s. Recuerda, no eres raro o diferente porque no te guste la Navidad, pero tambi\u00e9n trata de ser respetuoso y permisivo con aquellos que s\u00ed que les gusta\u00bb, expone Lozano.<\/p>\n\n\n\n<h3 class=\"wp-block-heading\">\u00bfC\u00f3mo pueden recuperar la ilusi\u00f3n?<\/h3>\n\n\n\n<p>Lozano aconseja empezar por pensar como un ni\u00f1o y actuar como tal. \u00abRecuerda que t\u00fa tambi\u00e9n lo fuiste en alg\u00fan momento, solo que puede que lo tengas algo olvidado\u00bb. Y da algunas pautas que pueden ayudar a recuperar esa ilusi\u00f3n navide\u00f1a:<\/p>\n\n\n\n<p>&#8211; Escribe una carta a los Reyes Magos.<\/p>\n\n\n\n<p>&#8211; Prepara un amigo invisible.<\/p>\n\n\n\n<p>&#8211; Colabora en la composici\u00f3n de un villancico.<\/p>\n\n\n\n<p>&#8211; Prepara alg\u00fan plato diferente o la t\u00edpica bandeja de dulces.<\/p>\n\n\n\n<p>&#8211; Prop\u00f3n dejar la tecnolog\u00eda a un lado para realizar alg\u00fan juego en familia.<\/p>\n\n\n\n<p>&#8211; Contar chistes o an\u00e9cdotas har\u00e1n que pas\u00e9is una noche inolvidable.<\/p>\n\n\n\n<p><\/p>\n\n\n\n<p>Por Sandra Palacios<\/p>\n\n\n\n<p>fuente: https:\/\/www.abc.es\/bienestar\/psicologia-sexo\/psicologia\/abci-esto-sienten-personas-odian-navidad-202112270106_noticia.html<\/p>\n","protected":false},"excerpt":{"rendered":"<p>Esta \u00e9poca implica un cierre de ciclo y comenzar a hacer un balance sobre el a\u00f1o, valor\u00e1ndonos a nosotros mismo frente a determinadas situaciones o emociones que hemos vivido Podr\u00edamos decir que el mundo se divide entre aquellos que aman la Navidad y los que la detestan. Esta \u00e9poca implica un cierre de ciclo y [&hellip;]<\/p>\n","protected":false},"author":2,"featured_media":100197,"comment_status":"open","ping_status":"open","sticky":false,"template":"","format":"standard","meta":{"footnotes":""},"categories":[56],"tags":[],"class_list":["post-100196","post","type-post","status-publish","format-standard","has-post-thumbnail","hentry","category-salud"],"_links":{"self":[{"href":"http:\/\/elcuartopoder.com.mx\/nw\/wp-json\/wp\/v2\/posts\/100196","targetHints":{"allow":["GET"]}}],"collection":[{"href":"http:\/\/elcuartopoder.com.mx\/nw\/wp-json\/wp\/v2\/posts"}],"about":[{"href":"http:\/\/elcuartopoder.com.mx\/nw\/wp-json\/wp\/v2\/types\/post"}],"author":[{"embeddable":true,"href":"http:\/\/elcuartopoder.com.mx\/nw\/wp-json\/wp\/v2\/users\/2"}],"replies":[{"embeddable":true,"href":"http:\/\/elcuartopoder.com.mx\/nw\/wp-json\/wp\/v2\/comments?post=100196"}],"version-history":[{"count":1,"href":"http:\/\/elcuartopoder.com.mx\/nw\/wp-json\/wp\/v2\/posts\/100196\/revisions"}],"predecessor-version":[{"id":100198,"href":"http:\/\/elcuartopoder.com.mx\/nw\/wp-json\/wp\/v2\/posts\/100196\/revisions\/100198"}],"wp:featuredmedia":[{"embeddable":true,"href":"http:\/\/elcuartopoder.com.mx\/nw\/wp-json\/wp\/v2\/media\/100197"}],"wp:attachment":[{"href":"http:\/\/elcuartopoder.com.mx\/nw\/wp-json\/wp\/v2\/media?parent=100196"}],"wp:term":[{"taxonomy":"category","embeddable":true,"href":"http:\/\/elcuartopoder.com.mx\/nw\/wp-json\/wp\/v2\/categories?post=100196"},{"taxonomy":"post_tag","embeddable":true,"href":"http:\/\/elcuartopoder.com.mx\/nw\/wp-json\/wp\/v2\/tags?post=100196"}],"curies":[{"name":"wp","href":"https:\/\/api.w.org\/{rel}","templated":true}]}}