{"id":100203,"date":"2021-12-29T22:05:20","date_gmt":"2021-12-30T03:05:20","guid":{"rendered":"http:\/\/elcuartopoder.com.mx\/nw\/?p=100203"},"modified":"2021-12-29T22:05:22","modified_gmt":"2021-12-30T03:05:22","slug":"ventas-de-autos-nuevos-suben-por-la-construccion-del-tren-maya","status":"publish","type":"post","link":"http:\/\/elcuartopoder.com.mx\/nw\/estatales\/ventas-de-autos-nuevos-suben-por-la-construccion-del-tren-maya\/","title":{"rendered":"Ventas de autos nuevos suben por la construcci\u00f3n del Tren Maya"},"content":{"rendered":"\n<h2 class=\"wp-block-heading\">En Quintana Roo se compraron 48% m\u00e1s coches de agencia<\/h2>\n\n\n\n<p><strong>La construcci\u00f3n del Tren Maya<\/strong>&nbsp;y su impulso a la econom\u00eda regional acompa\u00f1ado de otros programas federales en el sureste de M\u00e9xico ha generado una recuperaci\u00f3n m\u00e1s acelerada en la comercializaci\u00f3n de autos, de acuerdo con la&nbsp;<strong>Asociaci\u00f3n Mexicana de Distribuidores de Automotores (AMDA).<\/strong><\/p>\n\n\n\n<p>De enero a noviembre de este a\u00f1o en Quintana Roo, que adem\u00e1s es una entidad que depende del turismo, se report\u00f3 un aumento de 47.9 por ciento anual, al venderse 16 mil 514 unidades nuevas. De hecho, fue la entidad que report\u00f3 la mayor alza en ventas. Yucat\u00e1n por su parte report\u00f3 un aumento en la misma comparaci\u00f3n de 17.4 por ciento; Campeche de 20.3 por ciento; Tabasco 22.3 por ciento y Chiapas 15.5 por ciento.<\/p>\n\n\n\n<p>A nivel nacional, las ventas crecieron 8.6 por ciento porque en las entidades donde normalmente se venden m\u00e1s autos reportaron estancamiento. Jalisco y Estado de M\u00e9xico tuvieron aumentos de 6.5 y 6.8 por ciento respectivamente; en tanto, en la Ciudad de M\u00e9xico la comercializaci\u00f3n en los primeros 11 meses del a\u00f1o creci\u00f3 s\u00f3lo 0.8 por ciento anual.<\/p>\n\n\n\n<p>Desde el inicio de la administraci\u00f3n, impulsar la econom\u00eda del sureste del pa\u00eds ha sido uno de los objetivos del presidente Andr\u00e9s Manuel L\u00f3pez Obrador.<\/p>\n\n\n\n<p>No obstante, Guillermo Rosales, presidente ejecutivo de la AMDA, tambi\u00e9n destac\u00f3 que con la pandemia las ventas hab\u00edan disminuido 28 por ciento en 2020, respecto a 2019.<\/p>\n\n\n\n<p>Para Salvador Saavedra, vicepresidente del sector automotriz de la C\u00e1mara Nacional de la Industria de la Transformaci\u00f3n, la recuperaci\u00f3n del turismo, la hoteler\u00eda y la actividad econ\u00f3mica dispararon las ventas en un a\u00f1o at\u00edpico por la escasez de semiconductores.<\/p>\n\n\n\n<figure class=\"wp-block-image\"><img decoding=\"async\" src=\"https:\/\/heraldodemexico.com.mx\/u\/fotografias\/m\/2021\/12\/28\/f768x1-459660_459787_10.jpg\" alt=\"\"\/><\/figure>\n\n\n\n<p>fuente: https:\/\/heraldodemexico.com.mx\/economia\/2021\/12\/28\/ventas-de-autos-nuevos-suben-por-la-construccion-del-tren-maya-365502.html<\/p>\n","protected":false},"excerpt":{"rendered":"<p>En Quintana Roo se compraron 48% m\u00e1s coches de agencia La construcci\u00f3n del Tren Maya&nbsp;y su impulso a la econom\u00eda regional acompa\u00f1ado de otros programas federales en el sureste de M\u00e9xico ha generado una recuperaci\u00f3n m\u00e1s acelerada en la comercializaci\u00f3n de autos, de acuerdo con la&nbsp;Asociaci\u00f3n Mexicana de Distribuidores de Automotores (AMDA). De enero a [&hellip;]<\/p>\n","protected":false},"author":2,"featured_media":100204,"comment_status":"open","ping_status":"open","sticky":false,"template":"","format":"standard","meta":{"footnotes":""},"categories":[60],"tags":[],"class_list":["post-100203","post","type-post","status-publish","format-standard","has-post-thumbnail","hentry","category-estatales"],"_links":{"self":[{"href":"http:\/\/elcuartopoder.com.mx\/nw\/wp-json\/wp\/v2\/posts\/100203","targetHints":{"allow":["GET"]}}],"collection":[{"href":"http:\/\/elcuartopoder.com.mx\/nw\/wp-json\/wp\/v2\/posts"}],"about":[{"href":"http:\/\/elcuartopoder.com.mx\/nw\/wp-json\/wp\/v2\/types\/post"}],"author":[{"embeddable":true,"href":"http:\/\/elcuartopoder.com.mx\/nw\/wp-json\/wp\/v2\/users\/2"}],"replies":[{"embeddable":true,"href":"http:\/\/elcuartopoder.com.mx\/nw\/wp-json\/wp\/v2\/comments?post=100203"}],"version-history":[{"count":1,"href":"http:\/\/elcuartopoder.com.mx\/nw\/wp-json\/wp\/v2\/posts\/100203\/revisions"}],"predecessor-version":[{"id":100205,"href":"http:\/\/elcuartopoder.com.mx\/nw\/wp-json\/wp\/v2\/posts\/100203\/revisions\/100205"}],"wp:featuredmedia":[{"embeddable":true,"href":"http:\/\/elcuartopoder.com.mx\/nw\/wp-json\/wp\/v2\/media\/100204"}],"wp:attachment":[{"href":"http:\/\/elcuartopoder.com.mx\/nw\/wp-json\/wp\/v2\/media?parent=100203"}],"wp:term":[{"taxonomy":"category","embeddable":true,"href":"http:\/\/elcuartopoder.com.mx\/nw\/wp-json\/wp\/v2\/categories?post=100203"},{"taxonomy":"post_tag","embeddable":true,"href":"http:\/\/elcuartopoder.com.mx\/nw\/wp-json\/wp\/v2\/tags?post=100203"}],"curies":[{"name":"wp","href":"https:\/\/api.w.org\/{rel}","templated":true}]}}