{"id":100209,"date":"2021-12-29T22:15:30","date_gmt":"2021-12-30T03:15:30","guid":{"rendered":"http:\/\/elcuartopoder.com.mx\/nw\/?p=100209"},"modified":"2021-12-29T22:15:32","modified_gmt":"2021-12-30T03:15:32","slug":"segundo-fallo-de-scjn-ordena-al-ine-celebrar-consulta-sobre-revocacion","status":"publish","type":"post","link":"http:\/\/elcuartopoder.com.mx\/nw\/politica\/segundo-fallo-de-scjn-ordena-al-ine-celebrar-consulta-sobre-revocacion\/","title":{"rendered":"Segundo fallo de SCJN ordena al INE celebrar consulta sobre revocaci\u00f3n"},"content":{"rendered":"\n<p>Ciudad de M\u00e9xico. La Suprema Corte de Justicia de la Naci\u00f3n (SCJN) emiti\u00f3 una segunda suspensi\u00f3n contra la decisi\u00f3n del Instituto Nacional Electoral (INE) de aplazar la realizaci\u00f3n del ejercicio de revocaci\u00f3n de mandato. La decisi\u00f3n de las ministras Margarita R\u00edos Farjat y Yasm\u00edn Esquivel Mossa, integrantes de la Comisi\u00f3n de Receso del m\u00e1ximo tribunal se dio conocer luego de que admitieron la controversia constitucional de la Consejer\u00eda Jur\u00eddica de la presidencia de la Rep\u00fablica, que impugn\u00f3 dicho acuerdo.<\/p>\n\n\n\n<p>La medida cautelar tiene los mismos efectos que le concedieron la semana pasada a la C\u00e1mara de Diputados, quien interpuso una controversia constitucional por este mismo caso. En ese ese entonces, la SCJN dej\u00f3 sin efectos provisionalmente el acuerdo que aprob\u00f3 el INE y le orden\u00f3 por segunda ocasi\u00f3n que organice la consulta de revocaci\u00f3n de mandato \u201chasta su conclusi\u00f3n, con el presupuesto aprobado de mil 503 millones de pesos el cual constituye un indicador de viabilidad financiera\u201d.<\/p>\n\n\n\n<p>Incluso en aquella ocasi\u00f3n, la Comisi\u00f3n de Receso de la SCJN se\u00f1al\u00f3 en una tarjeta informativa que admiti\u00f3 a tr\u00e1mite la controversia constitucional presentada por la C\u00e1mara de Diputados y concedi\u00f3 la suspensi\u00f3n para que el INE no posponga el proceso de revocaci\u00f3n de mandato 2021-2022.<\/p>\n\n\n\n<p>Dicha resoluci\u00f3n precis\u00f3 que el acuerdo del INE \u201cpone en riesgo el ejercicio oportuno del derecho de la ciudadan\u00eda a decidir si revoca o no el mandato del Presidente de la Rep\u00fablica, por lo que con la suspensi\u00f3n de dicho acuerdo se optimiza y brinda mayor eficacia al derecho de la ciudadan\u00eda, esto es, se privilegia la democracia, que es una de las obligaciones de dicho instituto\u201d.<\/p>\n\n\n\n<p>Por Cesar Arellano Garc\u00eda<\/p>\n\n\n\n<p>fuente: https:\/\/www.jornada.com.mx\/notas\/2021\/12\/27\/politica\/segundo-fallo-de-scjn-ordena-al-ine-celebrar-consulta-sobre-revocacion\/<\/p>\n","protected":false},"excerpt":{"rendered":"<p>Ciudad de M\u00e9xico. La Suprema Corte de Justicia de la Naci\u00f3n (SCJN) emiti\u00f3 una segunda suspensi\u00f3n contra la decisi\u00f3n del Instituto Nacional Electoral (INE) de aplazar la realizaci\u00f3n del ejercicio de revocaci\u00f3n de mandato. La decisi\u00f3n de las ministras Margarita R\u00edos Farjat y Yasm\u00edn Esquivel Mossa, integrantes de la Comisi\u00f3n de Receso del m\u00e1ximo tribunal [&hellip;]<\/p>\n","protected":false},"author":2,"featured_media":100210,"comment_status":"open","ping_status":"open","sticky":false,"template":"","format":"standard","meta":{"footnotes":""},"categories":[61],"tags":[],"class_list":["post-100209","post","type-post","status-publish","format-standard","has-post-thumbnail","hentry","category-politica"],"_links":{"self":[{"href":"http:\/\/elcuartopoder.com.mx\/nw\/wp-json\/wp\/v2\/posts\/100209","targetHints":{"allow":["GET"]}}],"collection":[{"href":"http:\/\/elcuartopoder.com.mx\/nw\/wp-json\/wp\/v2\/posts"}],"about":[{"href":"http:\/\/elcuartopoder.com.mx\/nw\/wp-json\/wp\/v2\/types\/post"}],"author":[{"embeddable":true,"href":"http:\/\/elcuartopoder.com.mx\/nw\/wp-json\/wp\/v2\/users\/2"}],"replies":[{"embeddable":true,"href":"http:\/\/elcuartopoder.com.mx\/nw\/wp-json\/wp\/v2\/comments?post=100209"}],"version-history":[{"count":1,"href":"http:\/\/elcuartopoder.com.mx\/nw\/wp-json\/wp\/v2\/posts\/100209\/revisions"}],"predecessor-version":[{"id":100211,"href":"http:\/\/elcuartopoder.com.mx\/nw\/wp-json\/wp\/v2\/posts\/100209\/revisions\/100211"}],"wp:featuredmedia":[{"embeddable":true,"href":"http:\/\/elcuartopoder.com.mx\/nw\/wp-json\/wp\/v2\/media\/100210"}],"wp:attachment":[{"href":"http:\/\/elcuartopoder.com.mx\/nw\/wp-json\/wp\/v2\/media?parent=100209"}],"wp:term":[{"taxonomy":"category","embeddable":true,"href":"http:\/\/elcuartopoder.com.mx\/nw\/wp-json\/wp\/v2\/categories?post=100209"},{"taxonomy":"post_tag","embeddable":true,"href":"http:\/\/elcuartopoder.com.mx\/nw\/wp-json\/wp\/v2\/tags?post=100209"}],"curies":[{"name":"wp","href":"https:\/\/api.w.org\/{rel}","templated":true}]}}