{"id":100375,"date":"2021-12-31T16:42:27","date_gmt":"2021-12-31T21:42:27","guid":{"rendered":"http:\/\/elcuartopoder.com.mx\/nw\/?p=100375"},"modified":"2021-12-31T16:42:28","modified_gmt":"2021-12-31T21:42:28","slug":"lo-que-se-sabe-actualmente-y-falta-por-aprender-sobre-omicron-ap","status":"publish","type":"post","link":"http:\/\/elcuartopoder.com.mx\/nw\/entretenimiento\/salud\/lo-que-se-sabe-actualmente-y-falta-por-aprender-sobre-omicron-ap\/","title":{"rendered":"Lo que se sabe actualmente y falta por aprender sobre \u00d3micron: AP"},"content":{"rendered":"\n<p class=\"wp-block-paragraph\"> La r\u00e1pida propagaci\u00f3n de la mutaci\u00f3n y su capacidad de evadir la inmunidad lleg\u00f3 justo cuando aumentaron los viajes y mucha gente baj\u00f3 la guardia. <\/p>\n\n\n\n<p class=\"wp-block-paragraph\">A la nueva variante \u00f3micron del coronavirus le bastaron unas pocas semanas para cumplir las terribles predicciones sobre su enorme capacidad de contagio, pero los cient\u00edficos a\u00fan no saben si causa una enfermedad m\u00e1s grave, mientras el mundo se enfrenta a una explosi\u00f3n de casos justo antes de la Navidad.<\/p>\n\n\n\n<p class=\"wp-block-paragraph\">\u201cTodo es m\u00e1s arriesgado ahora porque la \u00f3micron es mucho m\u00e1s contagiosa\u201d, dijo el doctor S. Wesley Long, quien dirige el laboratorio de an\u00e1lisis del Hospital Metodista de Houston, y quien en la \u00faltima semana cancel\u00f3 varios planes para evitar la exposici\u00f3n.<\/p>\n\n\n\n<p class=\"wp-block-paragraph\">Su velocidad de propagaci\u00f3n, que supera incluso la de la variante delta, tiene perplejos a los funcionarios de salud p\u00fablica. En tres semanas, la \u00f3micron representa el 80% de los nuevos casos sintom\u00e1ticos diagnosticados en los centros de pruebas del Hospital Metodista de Houston. La variante delta tard\u00f3 tres meses en alcanzar ese mismo nivel, explic\u00f3 Long.&nbsp;<\/p>\n\n\n\n<p class=\"wp-block-paragraph\">En cualquier caso, todav\u00eda no est\u00e1 claro c\u00f3mo afectar\u00e1 al mundo la ola de \u00f3micron, ya que hay muchas preguntas sin respuesta. Aqu\u00ed lo \u00faltimo que se sabe y lo que a\u00fan falta por saber sobre esta variante.<\/p>\n\n\n\n<h2 class=\"wp-block-heading\">\u00bfCu\u00e1nta protecci\u00f3n ofrecen las vacunas?<\/h2>\n\n\n\n<p class=\"wp-block-paragraph\">Las vacunas aplicadas en Estados Unidos y en todo el mundo no ofrecen tanta protecci\u00f3n contra \u00f3micron como lo han hecho contra las versiones anteriores del coronavirus. Sin embargo, siguen siendo de gran ayuda.<\/p>\n\n\n\n<p class=\"wp-block-paragraph\">Las pruebas de laboratorio muestran que, aunque dos dosis no sean suficientes para prevenir la infecci\u00f3n, una inyecci\u00f3n de refuerzo de la vacuna de Pfizer o de Moderna produce anticuerpos que combaten el virus y son capaces de hacer frente a \u00f3micron.<\/p>\n\n\n\n<p class=\"wp-block-paragraph\">Los niveles de anticuerpos descienden de forma natural con el paso del tiempo, y un refuerzo los vuelve a elevar, 25 veces en el caso de la inyecci\u00f3n extra de Pfizer y 37 veces en el de Moderna.<\/p>\n\n\n\n<p class=\"wp-block-paragraph\">Nadie sabe con exactitud qu\u00e9 nivel es lo suficientemente alto, ni cu\u00e1nto tiempo pasar\u00e1 antes de que los niveles de anticuerpos empiecen a descender de nuevo.<\/p>\n\n\n\n<p class=\"wp-block-paragraph\">Despu\u00e9s de un refuerzo, la protecci\u00f3n contra una infecci\u00f3n por \u00f3micron sigue siendo un 20% menor que la protecci\u00f3n contra la variante delta, dijo el doctor Egon Ozer, de la Universidad Northwestern.<\/p>\n\n\n\n<p class=\"wp-block-paragraph\">Pero si el virus supera esa primera l\u00ednea de defensa, los vacunados cuentan con capas adicionales de protecci\u00f3n.<\/p>\n\n\n\n<p class=\"wp-block-paragraph\">\u201cLas vacunas van a proteger contra la enfermedad grave, la hospitalizaci\u00f3n y la muerte\u201d, dijo Long, del Hospital Metodista. \u201cY eso es realmente lo m\u00e1s importante\u201d.<\/p>\n\n\n\n<p class=\"wp-block-paragraph\">Esas defensas adicionales incluyen c\u00e9lulas T que se movilizan para rechazar al virus, adem\u00e1s de c\u00e9lulas de memoria que, una vez reactivadas, se agilizan para fabricar anticuerpos m\u00e1s numerosos y fuertes.<\/p>\n\n\n\n<h2 class=\"wp-block-heading\">\u00bfQu\u00e9 pasa con la inmunidad natural?<\/h2>\n\n\n\n<p class=\"wp-block-paragraph\">Parece que una infecci\u00f3n previa no ofrece mucha protecci\u00f3n contra un contagio por \u00f3micron, aunque, al igual que con la vacunaci\u00f3n, puede reducir la posibilidad de una enfermedad grave.<\/p>\n\n\n\n<p class=\"wp-block-paragraph\">En Sud\u00e1frica, donde la \u00f3micron est\u00e1 muy extendida, los cient\u00edficos informaron de un aumento de las reinfecciones que no hab\u00edan observado con las dos mutaciones anteriores que circularon por el pa\u00eds, incluida la delta.<\/p>\n\n\n\n<p class=\"wp-block-paragraph\">En Gran Breta\u00f1a, un informe del Imperial College de Londres revel\u00f3 el viernes que el riesgo de reinfecci\u00f3n por \u00f3micron es cinco veces mayor en comparaci\u00f3n con la variante delta.<\/p>\n\n\n\n<p class=\"wp-block-paragraph\">Los expertos en salud dicen que cualquier persona que haya sobrevivido a un contagio de COVID-19 deber\u00eda vacunarse, ya que la combinaci\u00f3n suele ofrecer una mayor protecci\u00f3n.<\/p>\n\n\n\n<h2 class=\"wp-block-heading\">\u00bfPor qu\u00e9 otra raz\u00f3n se propaga tan r\u00e1pido la \u00d3micron?<\/h2>\n\n\n\n<p class=\"wp-block-paragraph\">Algunos cient\u00edficos intentan descifrar las docenas de mutaciones que posee la variante \u00f3micron para averiguar qu\u00e9 m\u00e1s ocurre. Hace poco, unos investigadores de Hong Kong dieron a conocer indicios de que la nueva variante del coronavirus puede multiplicarse m\u00e1s r\u00e1pido en las v\u00edas respiratorias que delta, aunque no con la misma eficacia en lo profundo de los pulmones.<\/p>\n\n\n\n<p class=\"wp-block-paragraph\">Lo que los cient\u00edficos no pueden medir es el comportamiento humano: En muchos lugares se relajaron las restricciones, el invierno oblig\u00f3 a celebrar reuniones en interiores y los viajes se dispararon justo cuando \u00f3micron comenz\u00f3 a propagarse.<\/p>\n\n\n\n<h2 class=\"wp-block-heading\">\u00bf\u00d3micron provoca una enfermedad m\u00e1s leve?<\/h2>\n\n\n\n<p class=\"wp-block-paragraph\">Todav\u00eda es demasiado pronto para saberlo, sobre todo teniendo en cuenta que si los vacunados contraen una infecci\u00f3n, \u00e9sta deber\u00eda ser m\u00e1s leve que si \u00f3micron ataca a los no vacunados.<\/p>\n\n\n\n<p class=\"wp-block-paragraph\">Los primeros informes de Sud\u00e1frica indicaban que la enfermedad es m\u00e1s leve, pero los m\u00e9dicos no est\u00e1n seguros de si esto se debe a que la poblaci\u00f3n es bastante joven, o a que muchos conservan cierta protecci\u00f3n de una infecci\u00f3n delta reciente.<\/p>\n\n\n\n<p class=\"wp-block-paragraph\">Y el estudio brit\u00e1nico no encontr\u00f3 pruebas de que \u00f3micron haya sido m\u00e1s leve que delta en Gran Breta\u00f1a, aun cuando los adultos j\u00f3venes \u2014que se esperar\u00eda que tuvieran una enfermedad m\u00e1s leve\u2014 ten\u00edan mayores tasas de infecci\u00f3n con la \u00f3micron.<\/p>\n\n\n\n<p class=\"wp-block-paragraph\">\u201cHay un indicio, y creo que muchos de nosotros tenemos la esperanza, de que \u00f3micron ser\u00e1 menos grave. Pero no pienso que se pueda apostar por eso. Todav\u00eda estamos hablando del SARS CoV-2, un virus que ha matado a millones de personas\u201d, dijo el doctor Jacob Lemieux, que supervisa las variantes para una colaboraci\u00f3n de investigaci\u00f3n dirigida por la Escuela de Medicina de Harvard.<\/p>\n\n\n\n<h2 class=\"wp-block-heading\">\u00bfQui\u00e9n tiene m\u00e1s riesgo?<\/h2>\n\n\n\n<p class=\"wp-block-paragraph\">Bas\u00e1ndonos en el comportamiento de otras variantes, \u201csi eres una persona mayor, si tienes afecciones subyacentes, si eres obeso, es m\u00e1s probable que desarrolles una enfermedad grave. No creo que sea diferente\u201d a otras variantes, dijo el doctor Carlos del R\u00edo, de la Universidad Emory.<\/p>\n\n\n\n<p class=\"wp-block-paragraph\">Pero aunque no te sientas muy mal, una infecci\u00f3n por \u00f3micron podr\u00eda arruinarte las vacaciones. Los expertos coinciden en que, adem\u00e1s de vacunarse y ponerse una dosis de refuerzo, es conveniente volver a los fundamentos de la prevenci\u00f3n: usar mascarillas en interiores, evitar las multitudes y mantener la distancia.<\/p>\n\n\n\n<p class=\"wp-block-paragraph\">fuente: https:\/\/sipse.com\/ciencia-y-salud\/todo-lo-que-sabe-actualmente-y-falta-por-aprender-sobre-omicron-ap-414807.html<\/p>\n","protected":false},"excerpt":{"rendered":"<p>La r\u00e1pida propagaci\u00f3n de la mutaci\u00f3n y su capacidad de evadir la inmunidad lleg\u00f3 justo cuando aumentaron los viajes y mucha gente baj\u00f3 la guardia. A la nueva variante \u00f3micron del coronavirus le bastaron unas pocas semanas para cumplir las terribles predicciones sobre su enorme capacidad de contagio, pero los cient\u00edficos a\u00fan no saben si [&hellip;]<\/p>\n","protected":false},"author":2,"featured_media":100376,"comment_status":"open","ping_status":"open","sticky":false,"template":"","format":"standard","meta":{"footnotes":""},"categories":[56],"tags":[],"class_list":["post-100375","post","type-post","status-publish","format-standard","has-post-thumbnail","hentry","category-salud"],"_links":{"self":[{"href":"http:\/\/elcuartopoder.com.mx\/nw\/wp-json\/wp\/v2\/posts\/100375","targetHints":{"allow":["GET"]}}],"collection":[{"href":"http:\/\/elcuartopoder.com.mx\/nw\/wp-json\/wp\/v2\/posts"}],"about":[{"href":"http:\/\/elcuartopoder.com.mx\/nw\/wp-json\/wp\/v2\/types\/post"}],"author":[{"embeddable":true,"href":"http:\/\/elcuartopoder.com.mx\/nw\/wp-json\/wp\/v2\/users\/2"}],"replies":[{"embeddable":true,"href":"http:\/\/elcuartopoder.com.mx\/nw\/wp-json\/wp\/v2\/comments?post=100375"}],"version-history":[{"count":1,"href":"http:\/\/elcuartopoder.com.mx\/nw\/wp-json\/wp\/v2\/posts\/100375\/revisions"}],"predecessor-version":[{"id":100377,"href":"http:\/\/elcuartopoder.com.mx\/nw\/wp-json\/wp\/v2\/posts\/100375\/revisions\/100377"}],"wp:featuredmedia":[{"embeddable":true,"href":"http:\/\/elcuartopoder.com.mx\/nw\/wp-json\/wp\/v2\/media\/100376"}],"wp:attachment":[{"href":"http:\/\/elcuartopoder.com.mx\/nw\/wp-json\/wp\/v2\/media?parent=100375"}],"wp:term":[{"taxonomy":"category","embeddable":true,"href":"http:\/\/elcuartopoder.com.mx\/nw\/wp-json\/wp\/v2\/categories?post=100375"},{"taxonomy":"post_tag","embeddable":true,"href":"http:\/\/elcuartopoder.com.mx\/nw\/wp-json\/wp\/v2\/tags?post=100375"}],"curies":[{"name":"wp","href":"https:\/\/api.w.org\/{rel}","templated":true}]}}