{"id":100434,"date":"2022-01-01T20:58:22","date_gmt":"2022-01-02T01:58:22","guid":{"rendered":"http:\/\/elcuartopoder.com.mx\/nw\/?p=100434"},"modified":"2022-01-01T20:58:24","modified_gmt":"2022-01-02T01:58:24","slug":"macron-provoca-una-reaccion-nacionalista-por-iluminar-la-torre-eiffel-con-la-bandera-de-la-ue","status":"publish","type":"post","link":"http:\/\/elcuartopoder.com.mx\/nw\/internacionales\/macron-provoca-una-reaccion-nacionalista-por-iluminar-la-torre-eiffel-con-la-bandera-de-la-ue\/","title":{"rendered":"Macron provoca una reacci\u00f3n nacionalista por iluminar la Torre Eiffel con la bandera de la UE"},"content":{"rendered":"\n<p class=\"wp-block-paragraph\">Presidente en funciones de la Uni\u00f3n Europea (UE), durante seis meses, candidato a su propia reelecci\u00f3n como jefe de Estado franc\u00e9s,&nbsp;<strong>Emmanuel Macron<\/strong>&nbsp;afirma que 2022 ser\u00e1 el a\u00f1o del \u00abgran giro\u00bb internacional de una \u00abEuropa plenamente soberana y due\u00f1a de su destino\u00bb, provocando una reacci\u00f3n nacional y nacionalista de la mayor\u00eda de las fuerzas pol\u00edticas, hostiles a una Europa percibida como amenaza para la \u00abidentidad nacional\u00bb.<\/p>\n\n\n\n<p class=\"wp-block-paragraph\">En el tradicional discurso presidencial de la noche de San Silvestre, Macron anunci\u00f3 \u00absemanas muy dif\u00edciles\u00bb con un final feliz: 2022 pudiera ser el a\u00f1o del fin de la pandemia.<\/p>\n\n\n\n<p class=\"wp-block-paragraph\">A partir de esa proclama de principios, el presidente franc\u00e9s asumi\u00f3 su papel de presidente en funciones de la UE, resumiendo sus grandes proyectos europeos, empantanados, desde su discurso en la Universidad de la Sorbonne del mes de septiembre del 2017: \u00abLa presidencia francesa presentar\u00e1 proyectos ambiciosos para conseguir la plena soberan\u00eda de Europa, potente y due\u00f1a de su destino en la nueva escena mundial\u00bb.<\/p>\n\n\n\n<h3 class=\"wp-block-heading\">Una \u00abprovocaci\u00f3n\u00bb<\/h3>\n\n\n\n<p class=\"wp-block-paragraph\">El discurso presidencial hab\u00eda sido precedido por un gesto altamente simb\u00f3lico. La bandera nacional que tradicionalmente ondea en el&nbsp;<strong>Arco del Triunfo<\/strong>&nbsp;parisino, el monumento construido a mayor gloria de las campa\u00f1as militares de&nbsp;<strong>Napole\u00f3n Bonaparte<\/strong>, fue sustituida por una bandera de Europa. Esa sustituci\u00f3n de la bandera francesa por la bandera de la UE, en el m\u00e1s c\u00e9lebre de los monumentos de la \u00e9pica nacional, provoc\u00f3 autom\u00e1ticamente un vendaval de reacciones contra Macron y contra la UE, de la extrema izquierda a las extremas derechas.<\/p>\n\n\n\n<p class=\"wp-block-paragraph\">Para Jean-Luc M\u00e9lenchon, l\u00edder de Francia Insumisa (FI, extrema izquierda), las \u00abambiciones\u00bb de Macron son pura provocaci\u00f3n ultra capitalista, en los ant\u00edpodas de su proyecto pol\u00edtico, ultra nacionalista: \u00abDebemos tomar medidas inmediatas para salvaguardar los intereses de la Naci\u00f3n, aplicando nuestro proyecto pol\u00edtico propio, con medidas de salvaguarda de la soberan\u00eda del pueblo franc\u00e9s\u00bb.<\/p>\n\n\n\n<p class=\"wp-block-paragraph\">Para&nbsp;<a href=\"https:\/\/www.abc.es\/internacional\/abci-valerie-pecresse-consolida-como-nueva-estrella-politica-francesa-202112130231_noticia.html\" target=\"_blank\" rel=\"noreferrer noopener\">Val\u00e9rie P\u00e9cresse<\/a>, candidata de Los Republicanos (LR, derecha), las ambiciones europeas de Macron y la sustituci\u00f3n de la bandera nacional por la bandera europea, en el Arco del Triunfo, tienen algo de \u00abprovocaci\u00f3n insoportable\u00bb, por estas razones: \u00abPresidir Europa, s\u00ed; pero borrar la identidad francesa \u00a1no! Macron debe comenzar Pour restaurar la bandera nacional bajo del Arco del triunfo: se los debemos a todos nuestros soldados que dieron su sangre por la patria\u00bb.<\/p>\n\n\n\n<p class=\"wp-block-paragraph\">A las extremas derechas,&nbsp;<strong>Marine Le Pen y \u00c9ric Zemmour&nbsp;<\/strong>ponen el grito en el cielo patri\u00f3tico. \u00abEl Arco del Triunfo, con Macron: primero empaquetado; luego, el saqueo y el ultraje\u00bb, declar\u00f3 Zemmour. Marine Le Pen reaccion\u00f3 de este modo: \u00abEl pretendido apego de Macron a Francia es una mentira. Y se ha atrevido terminar su discurso de fin de a\u00f1o fotografi\u00e1ndose junto a la bandera de la UE, que el pueblo franc\u00e9s rechaz\u00f3 en refer\u00e9ndum el 2005. \u00a1En\u00e9simo insulto a la democracia!\u00bb.<\/p>\n\n\n\n<p class=\"wp-block-paragraph\">En la escena pol\u00edtica francesa, solo Anne Hidalgo (socialista) y Yahhick Jadot, ecologista, defienden posiciones europeistas, muy distintas de las ambiciones macronianas. Hidalgo propone un gobierno de \u00abizquierda unida\u00bb, alejad\u00edsimo de la realidad francesa. Jadot propone una Europa federal, alejad\u00edsima de la realidad europea.<\/p>\n\n\n\n<p class=\"wp-block-paragraph\">M\u00e1s all\u00e1 de los inmensos problemas de fondo que plantean, las ambiciones europeas de Emmanuel Macron han abierto un debate nacional de gran calado. La guerra pol\u00edtica sin cuartel de la campa\u00f1a de las elecciones presidenciales del mes de abril pr\u00f3ximo, ha atizado una suerte de repliegue nacionalista de gran calado, previsiblemente duradero.<\/p>\n\n\n\n<p class=\"wp-block-paragraph\">Como presidente en funciones de la UE, Macron aspira a renovar la financiaci\u00f3n del Pacto de estabilidad europeo, reformar la pol\u00edtica de seguridad interior, reforzar la lucha colectiva contra la inmigraci\u00f3n, crear algo parecido a una Europa de la defensa, compatible con la OTAN, entre otros proyectos. Como candidato a su propia reelecci\u00f3n, Macron deber\u00e1 afrontar una resistencia y cr\u00edticas muy duras, nacionales y europeas, que van mucho m\u00e1s all\u00e1 de los enfrentamientos y diferencias electorales.<\/p>\n\n\n\n<p class=\"wp-block-paragraph\"><strong>Fuente<\/strong>: ABC<\/p>\n","protected":false},"excerpt":{"rendered":"<p>Presidente en funciones de la Uni\u00f3n Europea (UE), durante seis meses, candidato a su propia reelecci\u00f3n como jefe de Estado franc\u00e9s,&nbsp;Emmanuel Macron&nbsp;afirma que 2022 ser\u00e1 el a\u00f1o del \u00abgran giro\u00bb internacional de una \u00abEuropa plenamente soberana y due\u00f1a de su destino\u00bb, provocando una reacci\u00f3n nacional y nacionalista de la mayor\u00eda de las fuerzas pol\u00edticas, hostiles [&hellip;]<\/p>\n","protected":false},"author":2,"featured_media":100435,"comment_status":"open","ping_status":"open","sticky":false,"template":"","format":"standard","meta":{"footnotes":""},"categories":[8],"tags":[],"class_list":["post-100434","post","type-post","status-publish","format-standard","has-post-thumbnail","hentry","category-internacionales"],"_links":{"self":[{"href":"http:\/\/elcuartopoder.com.mx\/nw\/wp-json\/wp\/v2\/posts\/100434","targetHints":{"allow":["GET"]}}],"collection":[{"href":"http:\/\/elcuartopoder.com.mx\/nw\/wp-json\/wp\/v2\/posts"}],"about":[{"href":"http:\/\/elcuartopoder.com.mx\/nw\/wp-json\/wp\/v2\/types\/post"}],"author":[{"embeddable":true,"href":"http:\/\/elcuartopoder.com.mx\/nw\/wp-json\/wp\/v2\/users\/2"}],"replies":[{"embeddable":true,"href":"http:\/\/elcuartopoder.com.mx\/nw\/wp-json\/wp\/v2\/comments?post=100434"}],"version-history":[{"count":1,"href":"http:\/\/elcuartopoder.com.mx\/nw\/wp-json\/wp\/v2\/posts\/100434\/revisions"}],"predecessor-version":[{"id":100436,"href":"http:\/\/elcuartopoder.com.mx\/nw\/wp-json\/wp\/v2\/posts\/100434\/revisions\/100436"}],"wp:featuredmedia":[{"embeddable":true,"href":"http:\/\/elcuartopoder.com.mx\/nw\/wp-json\/wp\/v2\/media\/100435"}],"wp:attachment":[{"href":"http:\/\/elcuartopoder.com.mx\/nw\/wp-json\/wp\/v2\/media?parent=100434"}],"wp:term":[{"taxonomy":"category","embeddable":true,"href":"http:\/\/elcuartopoder.com.mx\/nw\/wp-json\/wp\/v2\/categories?post=100434"},{"taxonomy":"post_tag","embeddable":true,"href":"http:\/\/elcuartopoder.com.mx\/nw\/wp-json\/wp\/v2\/tags?post=100434"}],"curies":[{"name":"wp","href":"https:\/\/api.w.org\/{rel}","templated":true}]}}