{"id":100467,"date":"2022-01-02T16:05:11","date_gmt":"2022-01-02T21:05:11","guid":{"rendered":"http:\/\/elcuartopoder.com.mx\/nw\/?p=100467"},"modified":"2022-01-02T16:05:13","modified_gmt":"2022-01-02T21:05:13","slug":"los-beneficios-de-escuchar-musica-clasica-asi-alimenta-el-cuerpo-y-el-alma","status":"publish","type":"post","link":"http:\/\/elcuartopoder.com.mx\/nw\/entretenimiento\/tecnologia\/los-beneficios-de-escuchar-musica-clasica-asi-alimenta-el-cuerpo-y-el-alma\/","title":{"rendered":"Los beneficios de escuchar m\u00fasica cl\u00e1sica: as\u00ed alimenta el cuerpo y el alma"},"content":{"rendered":"\n<h2 class=\"wp-block-heading\">Mejora el estado de \u00e1nimo, ayuda a combatir el insomnio, aumenta la creativada y minimiza el estr\u00e9s y la ansiedad. La psic\u00f3loga y doctora en neurociencia, Ana Asensio, revela los efectos de la m\u00fasica sobre el cuerpo y la mente<\/h2>\n\n\n\n<p>Siempre se ha dicho que la m\u00fasica tiene esa posibilidad de elevarte el alma y que cuando se trata de m\u00fasica cl\u00e1sica es posible conectar con las emociones a un nivel mucho m\u00e1s profundo.<\/p>\n\n\n\n<p>El escritor brit\u00e1nico James&nbsp;<strong>Rhodes<\/strong>, con una biograf\u00eda muy dura: abusos sexuales, intentos de suicidio, internamiento en un psiqui\u00e1trico, prostituci\u00f3n\u2026 es la prueba de que la m\u00fasica y su belleza pueden curar el alma. A pesar de su talento dej\u00f3 la m\u00fasica aparcada durante 10 a\u00f1os. Pero cuando la retom\u00f3 ya nunca la solt\u00f3. De hecho en 2010 se convirti\u00f3 en el primer m\u00fasico de cl\u00e1sica en firmar un contrato de seis \u00e1lbumes con la multinacional Warner. Y cuando le preguntaron cu\u00e1les fueron los motivos por los que volvi\u00f3 a conectar cn la m\u00fasica asegur\u00f3 que \u00e9sta hab\u00eda regenerado su vida y hab\u00eda dejado que entrase toda la belleza que iluminaba su alma.<\/p>\n\n\n\n<p>El ejemplo de Rhodes hace que merezca la pena pararse a pensar en cu\u00e1les son&nbsp;<strong>los beneficios que aporta la m\u00fasica cl\u00e1sica<\/strong>&nbsp;al bienestar emocional, mental, f\u00edsico y espiritual.<\/p>\n\n\n\n<h3 class=\"wp-block-heading\">1. La m\u00fasica influye en el estado de \u00e1nimo<\/h3>\n\n\n\n<p>La m\u00fasica cl\u00e1sica puede convertirse en un elemento catalizador del&nbsp;<strong>buen \u00e1nimo<\/strong>, tiene un gran potencial para actuar como una herramienta que nos permitir\u00e1 mejorar nuestro estado de \u00e1nimo. Escuchar frecuentemente m\u00fasica cl\u00e1sica nos permitir\u00e1 estar m\u00e1s felices gracias a su armon\u00eda. Adem\u00e1s provoca una serie de sensaciones que afectan a todo el cerebro ayudando as\u00ed a reducir el dolor y la ansiedad.<\/p>\n\n\n\n<h3 class=\"wp-block-heading\">2. Complementa el tratamiento de enfermedades neurol\u00f3gicas<\/h3>\n\n\n\n<p>Diversos estudios realizados en pacientes con enfermedades mentales como el&nbsp;<strong>Parkinson<\/strong>, el&nbsp;<strong>Alzheimer&nbsp;<\/strong>y otras enfermedades que afectan a la mente humana, han concluido en lo positivo de la utilizaci\u00f3n de la m\u00fasica cl\u00e1sica como ayuda o complemento para los tratamientos. Se utiliza como una herramienta que favorece la buena predisposici\u00f3n de los pacientes para hacer otros ejercicios de fortalecimiento de la&nbsp;<strong>memoria<\/strong>, o bien se utiliza como t\u00e9cnica para&nbsp;<strong>despertar conexiones neuronales<\/strong>.<\/p>\n\n\n\n<h3 class=\"wp-block-heading\">3. Ayuda a combatir el insomnio<\/h3>\n\n\n\n<p>La Universidad de Toronto asegura que \u00ablos ritmos y patrones de este tipo de m\u00fasica crean un&nbsp;<strong>estado de \u00e1nimo meditativo&nbsp;<\/strong>y unas&nbsp;<strong>ondas cerebrales lentas<\/strong>\u00bb. Todo esto favorece que se pueda conciliar el sue\u00f1o m\u00e1s r\u00e1pidamente. Escuchar m\u00fasica cl\u00e1sica antes de dormir es un buen recurso para tratar de entrar en ese estado de \u00e1nimo meditativo de forma previa a que nos vayamos a la cama. De esta forma conseguiremos relajarnos y dormirnos antes.<\/p>\n\n\n\n<h3 class=\"wp-block-heading\">4. Reduce el estr\u00e9s y la ansiedad<\/h3>\n\n\n\n<p>El&nbsp;<strong>estr\u00e9s&nbsp;<\/strong>se ha convertido en un elemento caracter\u00edstico de las sociedades modernas, la mayor\u00eda de los trabajadores lo padecen y la m\u00fasica cl\u00e1sica puede ayudar a sobrellevarlo. La m\u00fasica cl\u00e1sica puede favorecer la&nbsp;<strong>relajaci\u00f3n de los m\u00fasculos&nbsp;<\/strong>y la&nbsp;<strong>reducci\u00f3n de la presi\u00f3n arterial<\/strong>, un estudio realizado por la Sociedad Americana de Hipertensi\u00f3n indicaba que con unos 30 minutos de m\u00fasica cl\u00e1sica al d\u00eda se puede contribuir a la reducci\u00f3n de la presi\u00f3n arterial, algo fundamental para reducir el estr\u00e9s.<\/p>\n\n\n\n<h3 class=\"wp-block-heading\">5. Estimula la creatividad<\/h3>\n\n\n\n<p>Mejora la capacidad de memoria, de atenci\u00f3n y de concentraci\u00f3n de los ni\u00f1os, y estimula el \u00e1rea derecha del cerebro, mejorando as\u00ed la capacidad para realizar cualquier otra actividad art\u00edstica, como la pintura, impulsando as\u00ed el desarrollo integral de un ni\u00f1o pues act\u00faa sobre todas las \u00e1reas del desarrollo.<\/p>\n\n\n\n<h3 class=\"wp-block-heading\">6. Mejora el cerebro social y emp\u00e1tico<\/h3>\n\n\n\n<p>La m\u00fasica cl\u00e1sica estimula \u00e1reas cerebrales que com\u00fanmente se ven estimuladas por el&nbsp;<strong>lenguaje<\/strong>. Se atribuye a la m\u00fasica el mismo efecto que se produce cuando escuchamos una voz de otra persona, un efecto de calidez asociado a nuestras ra\u00edces como seres sociales.<\/p>\n\n\n\n<h3 class=\"wp-block-heading\">7. Favorece el aprendizaje<\/h3>\n\n\n\n<p>Como elemento que puede favorecer el aprendizaje, la m\u00fasica cl\u00e1sica es una gran herramienta. Por eso usarla como acompa\u00f1amiento para tardes de estudio es una f\u00f3rmula que ayuda a la concentraci\u00f3n y contribuye a hacer m\u00e1s ameno el esfuerzo.<\/p>\n\n\n\n<h3 class=\"wp-block-heading\">8. Ayuda a la integraci\u00f3n<\/h3>\n\n\n\n<p>Los casos de personas con trastorno del espectro autista que expresan a trav\u00e9s de la m\u00fasica lo que no pueden decir con palabras son una prueba de su car\u00e1cter integrador y social. Y en el caso de la m\u00fasica cl\u00e1sica, adem\u00e1s, favorece la disminuci\u00f3n de las conductas de activaci\u00f3n y ansiedad que manifiestan algunas personas con autismo. Sin duda, la m\u00fasica acaricia su alma.<\/p>\n\n\n\n<h3 class=\"wp-block-heading\">9. Influye en la sensaci\u00f3n de felicidad<\/h3>\n\n\n\n<p>La m\u00fasica cl\u00e1sica es un canalizador de buenas sensaciones, buenas vibraciones y sentimientos, desde su concepci\u00f3n por parte del compositor nace con el prop\u00f3sito de elevar el esp\u00edritu y el alma por lo que est\u00e1 pensada, en general, para que seamos m\u00e1s felices.<\/p>\n\n\n\n<h3 class=\"wp-block-heading\">Compases que son p\u00edldoras de salud<\/h3>\n\n\n\n<p>Existen numerosos estudios que muestran que la m\u00fasica cl\u00e1sica puede disminuir tanto la presi\u00f3n arterial como el ritmo card\u00edaco. Por ejemplo el que fue realizado en 2015 por el profesor Peter Sleight de la Universidad de Oxford, que descubri\u00f3 que escuchar piezas m\u00e1s lentas de&nbsp;<strong>Verdi<\/strong>, la novena sinfon\u00eda de&nbsp;<strong>Beethoven<\/strong>, as\u00ed como de&nbsp;<strong>Puccini<\/strong>, disminuye significativamente la presi\u00f3n arterial.<\/p>\n\n\n\n<p>En otro estudio, Hans-Joachim Trappe y Gabriele Voit demostraron que la m\u00fasica de&nbsp;<strong>Mozart&nbsp;<\/strong>y&nbsp;<strong>Strauss&nbsp;<\/strong>no solo redujo notablemente el ritmo card\u00edaco de los sujetos, sino tambi\u00e9n su presi\u00f3n arterial en casi cinco puntos sist\u00f3licos, lo que es mejor que algunos medicamentos.<\/p>\n\n\n\n<p>Una investigaci\u00f3n de Itao, Komazawa y Kobayashi en &#8216;Scientific Research Publishing&#8217; revel\u00f3 que la m\u00fasica cl\u00e1sica mejor\u00f3 la&nbsp;<strong>variabilidad del ritmo card\u00edaco<\/strong>, indicando una menor actividad del sistema nervioso aut\u00f3nomo, y, por lo tanto, menores niveles de estr\u00e9s. Tambi\u00e9n aument\u00f3 el flujo sangu\u00edneo, as\u00ed como la temperatura de la superficie corporal, que son signos de un estado de relajaci\u00f3n.<\/p>\n\n\n\n<p>Adem\u00e1s, se ha demostrado una mejor\u00eda en el TDAH, particularmente cuando se escuchan piezas como la &#8216;M\u00fasica acu\u00e1tica&#8217; de&nbsp;<strong>Handel&nbsp;<\/strong>o los &#8216;Conciertos de Brandenburgo&#8217; de&nbsp;<strong>Bach<\/strong>. La m\u00fasica cl\u00e1sica ayuda a poner el cerebro en &#8216;modo alfa&#8217;, mejorando as\u00ed el&nbsp;<strong>enfoque<\/strong>, la&nbsp;<strong>concentraci\u00f3n&nbsp;<\/strong>y la capacidad de&nbsp;<strong>aprendizaje<\/strong>. Incluso se ha demostrado que regula los genes responsables de la funci\u00f3n cerebral, seg\u00fan una investigaci\u00f3n de la Universidad de Helsinki.<\/p>\n\n\n\n<p>As\u00edmismo, se ha demostrado la influencia positiva de la m\u00fasica cl\u00e1sica en el tratamiento de algunas&nbsp;<strong>enfermedades<\/strong>. Por ejemplo, seg\u00fan una investigaci\u00f3n publicada en &#8216;The Journal of Surgery Cardiothoraic&#8217;, escuchar m\u00fasica cl\u00e1sica o escuchar \u00f3pera tras un&nbsp;<strong>trasplante de coraz\u00f3n<\/strong>&nbsp;puede significar la diferencia entre el \u00e9xito y el fracaso, ya que han encontrado que la m\u00fasica reduce la ansiedad, el dolor y las nauseas, incluso afirman que podr\u00eda haber alg\u00fan efecto sobre el sistema nervioso parasimp\u00e1tico (una parte del sistema nervioso cuya funci\u00f3n es controlar cosas inconscientes de nuestro cuerpo, como la digesti\u00f3n).<\/p>\n\n\n\n<p>Un estudio en el &#8216;International Journal of Critical Illness &amp; Injury Science&#8217; descubri\u00f3 que la m\u00fasica cl\u00e1sica ayuda en la recuperaci\u00f3n de los\u00a0<strong>pacientes en UCI<\/strong>\u00a0(Unidades de Cuidado Intensivo) y mejora el estado y la sensaci\u00f3n de dolor.<\/p>\n\n\n\n<figure class=\"wp-block-image\"><img decoding=\"async\" src=\"https:\/\/static3.abc.es\/media\/bienestar\/2022\/01\/01\/musica-barroca-2-k7IG--540x285@abc.jpg\" alt=\"\"\/><\/figure>\n\n\n\n<h3 class=\"wp-block-heading\">Testimonio: m\u00fasica barroca, un cl\u00e1sico que enriquece<\/h3>\n\n\n\n<p>Se suele hablar de m\u00fasica \u00abcl\u00e1sica\u00bb para la m\u00fasica de una cierta \u00e9lite europea desde 1600 hasta la segunda guerra mundial, aproximadamente. Pero la realidad es muy distinta: se confunden 4 \u00e9pocas sucesivas: la barroca, la cl\u00e1sica, la rom\u00e1ntica y la modernista, para simplificar. La m\u00fasica barroca (1600-1750), previa a la cl\u00e1sica y a los sucesivos estilos, funciona de forma radicalmente diferente adem\u00e1s de tener unas connotaciones casi opuestas. La primera tiene un motor que se llama el bajo continuo y sobre el cu\u00e1l reposa la harmon\u00eda y por encima la melod\u00eda. Las otras funcionan al rev\u00e9s: se piensa primero en una melod\u00eda y despu\u00e9s se va construyendo el acompa\u00f1amiento que no reside en el contrapunto caracter\u00edstico de la \u00e9poca barroca.<\/p>\n\n\n\n<p>Quiero ir sobre un terreno totalmente empirico, de experiencias propias porque no tengo los conocimientos m\u00e9dicos necesarios. Dado que me dedico a la m\u00fasica barroca, una m\u00fasica que sale de las experiencias renacentistas y donde el objetivo era imitar la expresi\u00f3n, la sensibilidad y el lenguaje humano, est\u00e1 especialmente recomendada en todo tipo de enfermedades, ya que rara vez la m\u00fasica puede ser contraindicada. Tenemos un ejemplo famoso aqu\u00ed en Espa\u00f1a, con los reyes Felipe V y su hijo Fernando VI, que adem\u00e1s de mostrar el buen gusto y el poder\u00edo de la corte espa\u00f1ola contratando al famos\u00edsimo castrato Farinelli, parece probable que las vibraciones producidas por la voz, entonces unas frecuencias en particular, fueran un b\u00e1lsamo para sus almas. Hoy en d\u00eda, agravados por la pandemia, los casos de depresi\u00f3n y suicidios se han disparado, la m\u00fasica deber\u00eda ser un elemento importante de la curaci\u00f3n.<\/p>\n\n\n\n<p>Tuve la ocasi\u00f3n de tocar para beb\u00e9s, para ni\u00f1os, y muchos de ellos gravementes enfermos. Nada puede ser m\u00e1s gratificante que verles salir del concierto con una sonrisa, un tono de piel, una actitud llena de alegr\u00eda, radicalmente diferente a cuando llegaron. Las enfermeras, ellas lo saben y lo notan.<\/p>\n\n\n\n<p>Esta demostrado que escuchando m\u00fasica ciertas zonas del cerebro se activan enviando se\u00f1ales de placer. El placer, lo placentero es una parte fundamental de la recuperaci\u00f3n, de la curaci\u00f3n.<\/p>\n\n\n\n<p>Cuando nuestro p\u00fablico sale de un concierto en Transbaroque, muchas veces nos han dicho \u00abme siento transformado\/a\u00bb, \u00abhe llegado triste y me voy tan contento\/a\u00bb, etc.<\/p>\n\n\n\n<p>Para volver a la esencia de la pregunta c\u00f3mo la m\u00fasica cl\u00e1sica calma el alma, en el caso de la m\u00fasica barroca puede que la clave resida en su construcci\u00f3n. El movimiento del bajo continuo (clave, viola da gamba, violonchelo, contrabajo), el de las partes intermedias y la melod\u00eda. En esta m\u00fasica todo se mueve partiendo del ritmo. Esta claro que cada elemento influye sobre el esp\u00edritu de la persona o sea: el ritmo, la harmon\u00eda y la melod\u00eda.<\/p>\n\n\n\n<p>La lista de los efectos ben\u00e9ficos de la m\u00fasica cl\u00e1sica es muy exhaustiva y necesita mucha investigaci\u00f3n para que realmente sepamos de manera m\u00e1s precisa sobre la interacci\u00f3n entre m\u00fasica y salud. Esto ayudar\u00eda a aplicarla de un modo general a una funci\u00f3n preventiva de las enfermedades.<\/p>\n\n\n\n<p><em>Serge Nicolas Herschon, fundador de&nbsp;<a href=\"https:\/\/transbaroque.es\/\">Transbaroque<\/a>.<\/em><\/p>\n\n\n\n<p>Por Ana Asensio<\/p>\n\n\n\n<p>fuente: https:\/\/www.abc.es\/bienestar\/psicologia-sexo\/psicologia\/abci-beneficios-escuchar-musica-clasica-alimenta-cuerpo-y-alma-202112312348_noticia.html<\/p>\n","protected":false},"excerpt":{"rendered":"<p>Mejora el estado de \u00e1nimo, ayuda a combatir el insomnio, aumenta la creativada y minimiza el estr\u00e9s y la ansiedad. La psic\u00f3loga y doctora en neurociencia, Ana Asensio, revela los efectos de la m\u00fasica sobre el cuerpo y la mente Siempre se ha dicho que la m\u00fasica tiene esa posibilidad de elevarte el alma y [&hellip;]<\/p>\n","protected":false},"author":2,"featured_media":100468,"comment_status":"open","ping_status":"open","sticky":false,"template":"","format":"standard","meta":{"footnotes":""},"categories":[57],"tags":[],"class_list":["post-100467","post","type-post","status-publish","format-standard","has-post-thumbnail","hentry","category-tecnologia"],"_links":{"self":[{"href":"http:\/\/elcuartopoder.com.mx\/nw\/wp-json\/wp\/v2\/posts\/100467","targetHints":{"allow":["GET"]}}],"collection":[{"href":"http:\/\/elcuartopoder.com.mx\/nw\/wp-json\/wp\/v2\/posts"}],"about":[{"href":"http:\/\/elcuartopoder.com.mx\/nw\/wp-json\/wp\/v2\/types\/post"}],"author":[{"embeddable":true,"href":"http:\/\/elcuartopoder.com.mx\/nw\/wp-json\/wp\/v2\/users\/2"}],"replies":[{"embeddable":true,"href":"http:\/\/elcuartopoder.com.mx\/nw\/wp-json\/wp\/v2\/comments?post=100467"}],"version-history":[{"count":1,"href":"http:\/\/elcuartopoder.com.mx\/nw\/wp-json\/wp\/v2\/posts\/100467\/revisions"}],"predecessor-version":[{"id":100469,"href":"http:\/\/elcuartopoder.com.mx\/nw\/wp-json\/wp\/v2\/posts\/100467\/revisions\/100469"}],"wp:featuredmedia":[{"embeddable":true,"href":"http:\/\/elcuartopoder.com.mx\/nw\/wp-json\/wp\/v2\/media\/100468"}],"wp:attachment":[{"href":"http:\/\/elcuartopoder.com.mx\/nw\/wp-json\/wp\/v2\/media?parent=100467"}],"wp:term":[{"taxonomy":"category","embeddable":true,"href":"http:\/\/elcuartopoder.com.mx\/nw\/wp-json\/wp\/v2\/categories?post=100467"},{"taxonomy":"post_tag","embeddable":true,"href":"http:\/\/elcuartopoder.com.mx\/nw\/wp-json\/wp\/v2\/tags?post=100467"}],"curies":[{"name":"wp","href":"https:\/\/api.w.org\/{rel}","templated":true}]}}