{"id":100530,"date":"2022-01-03T22:22:43","date_gmt":"2022-01-04T03:22:43","guid":{"rendered":"http:\/\/elcuartopoder.com.mx\/nw\/?p=100530"},"modified":"2022-01-03T22:22:45","modified_gmt":"2022-01-04T03:22:45","slug":"dias-de-vacaciones-por-ley-cuantos-me-corresponden-y-cuando","status":"publish","type":"post","link":"http:\/\/elcuartopoder.com.mx\/nw\/varios\/dias-de-vacaciones-por-ley-cuantos-me-corresponden-y-cuando\/","title":{"rendered":"D\u00edas de vacaciones por ley: cu\u00e1ntos me corresponden y cu\u00e1ndo"},"content":{"rendered":"\n<p> Los d\u00edas de descanso obligatorio est\u00e1n determinados por la Ley Federal del Trabajo. Si los trabajadores prestan sus servicios en estos d\u00edas, el empleador deber\u00e1 pagar un monto extra al que perciben\u00a0los trabajadores por d\u00eda.\u00a0<\/p>\n\n\n\n<p>A dos a\u00f1os de que inici\u00f3 la&nbsp;<strong>pandemia<\/strong>, la<strong>&nbsp;vida laboral<\/strong>&nbsp;ha sufrido modificaciones, mientras algunas empresas ya piden que sus trabajadores vuelvan a las oficinas, otras han optado por seguir de manera remota o por adoptar un sistema h\u00edbrido.<\/p>\n\n\n\n<p>Muchas escuelas y empresas o instituciones de gobierno han decidido regresar a las actividades presenciales a partir de enero de 2022.<\/p>\n\n\n\n<p>Aunque las actividades han sufrido modificaciones, los d\u00edas de descanso obligatorio no, ya que estos d\u00edas est\u00e1n estipulados y avalados por la&nbsp;<strong>Ley Federal del Trabajo<\/strong>.<\/p>\n\n\n\n<p>De acuerdo a la ley mexicana, los empleados cuentan con nueve d\u00edas de descanso obligatorio. Dos de los nueve d\u00edas no aplicar\u00e1n en el a\u00f1o 2022, ya que uno corresponde a la transmisi\u00f3n del Poder Ejecutivo Federal, cada seis a\u00f1os y otro para elecciones ordinarias.<\/p>\n\n\n\n<h2 class=\"wp-block-heading\">Estos ser\u00e1n los d\u00edas de descanso obligatorio para 2022:<\/h2>\n\n\n\n<ul class=\"wp-block-list\"><li>El 1 de enero, que en esta ocasi\u00f3n caer\u00e1 en s\u00e1bado.<\/li><li>El lunes 7 de febrero en conmemoraci\u00f3n del D\u00eda de la Constituci\u00f3n Mexicana (5 de febrero).<\/li><li>El lunes 21 de marzo, en conmemoraci\u00f3n del natalicio de Benito Ju\u00e1rez.<\/li><li>El domingo 1 de mayo, en conmemoraci\u00f3n del D\u00eda del Trabajo.<\/li><li>El viernes 16 de septiembre, en conmemoraci\u00f3n del D\u00eda de la Independencia de M\u00e9xico.<\/li><li>El lunes 21 de noviembre, en conmemoraci\u00f3n del inicio de la Revoluci\u00f3n Mexicana (20 de noviembre).<\/li><li>El domingo 25 de diciembre por festejos de Navidad.<\/li><\/ul>\n\n\n\n<p>De ser necesaria la asistencia de los trabajadores en las fechas fijadas como descanso obligatorio para 2022, la Ley Federal de Trabajo indica que el empleados deber\u00e1 llegar a un acuerdo con los trabajadores para determinar el n\u00famero de personas que se deber\u00e1n presentar a laborar, si no se llega a un acuerdo, ser\u00e1 el Tribunal quien resolver\u00e1.<\/p>\n\n\n\n<p>En caso de que los trabajadores laboren en estas fechas, la ley determina que tienen derecho a que se les pague lo triple del salario que perciben por d\u00eda.<\/p>\n\n\n\n<p>De no pagar&nbsp;el empleador a sus trabajadores el monto determinado, el art\u00edculo 1000 de la Ley Federal de Trabajo indica que, ante una previa queja de los afectados, el empleador ser\u00e1 sancionado con una multa que ir\u00eda desde 250 a 5000 veces el salario m\u00ednimo general.<\/p>\n\n\n\n<h2 class=\"wp-block-heading\">D\u00edas de descanso no obligatorios<\/h2>\n\n\n\n<p>Hay otros d\u00edas que si bien no representan ante la ley un descanso obligatorio, pero estos pueden otorgarse a los trabajadores si estos llegan a un acuerdo con sus empleadores. Los d\u00edas de descanso no obligatorio son:<\/p>\n\n\n\n<ul class=\"wp-block-list\"><li>Jueves Santo<\/li><li>Viernes Santo<\/li><li>Domingo de Resurrecci\u00f3n<\/li><li>Conmemoraci\u00f3n de la Batalla de Puebla<\/li><li>D\u00eda de la Madre<\/li><li>D\u00eda del Padre<\/li><li>D\u00eda de Muertos<\/li><li>D\u00eda de la Virgen de Guadalupe<\/li><li>Nochebuena<\/li><\/ul>\n\n\n\n<h2 class=\"wp-block-heading\">D\u00edas en los que no hay clases en las escuelas de&nbsp;la SEP<\/h2>\n\n\n\n<p>La Secretar\u00eda de Educaci\u00f3n P\u00fablica determina en su calendario para el ciclo escolar 2021-2022 que los d\u00edas en los que se suspender\u00e1n actividades este a\u00f1o ser\u00e1n:<\/p>\n\n\n\n<ul class=\"wp-block-list\"><li>Jueves 6 de enero: Suspensi\u00f3n de labores docentes por el D\u00eda de los Reyes Magos.<\/li><li>Viernes 28 de enero: Consejo T\u00e9cnico Escolar.<\/li><li>Lunes 7 de febrero: Suspensi\u00f3n de labores docentes por el D\u00eda de la Constituci\u00f3n Mexicana (5 de febrero).<\/li><li>Viernes 25 de febrero: Consejo T\u00e9cnico Escolar.<\/li><li>Lunes 21 de marzo: Suspensi\u00f3n de labores docentes por la conmemoraci\u00f3n del natalicio de Benito Ju\u00e1rez.<\/li><li>Viernes 25 de marzo: Consejo T\u00e9cnico Escolar.<\/li><li>Viernes 29 de abril: Consejo T\u00e9cnico Escolar.<\/li><li>Jueves 5 de mayo: Suspensi\u00f3n de labores docentes por el aniversario de la Batalla de Puebla.<\/li><li>Viernes 27 de mayo: Consejo T\u00e9cnico Escolar.<\/li><li>Viernes 17 de junio: Descarga administrativa.<\/li><li>Viernes 24 de junio: Consejo T\u00e9cnico Escolar.<\/li><li>Jueves 28 de julio: Fin de cursos.<\/li><li>Viernes 29 de julio: Descarga administrativa.<\/li><\/ul>\n\n\n\n<p>Las&nbsp;<strong>vacaciones<\/strong>&nbsp;otorgadas por la&nbsp;<strong>SEP<\/strong>&nbsp;para el a\u00f1o 2022 ser\u00e1n:<\/p>\n\n\n\n<ul class=\"wp-block-list\"><li>Del lunes 11 al viernes 22 de abril (12 d\u00edas). Periodo de Semana Santa.<\/li><\/ul>\n\n\n\n<h2 class=\"wp-block-heading\">\u00bfQu\u00e9 d\u00edas los bancos suspender\u00e1n actividades en 2022?<\/h2>\n\n\n\n<p>La entidades financieras sujetas a supervisi\u00f3n de la&nbsp;<strong>Comisi\u00f3n Nacional Bancaria y de Valores<\/strong>&nbsp;(CNBV) cerrar\u00e1n sus puertas y suspender\u00e1n operaciones los d\u00edas:<\/p>\n\n\n\n<ul class=\"wp-block-list\"><li>Lunes 7 de febrero: Por el D\u00eda de la Constituci\u00f3n Mexicana (5 de febrero)<\/li><li>El lunes 21 de marzo: Conmemoraci\u00f3n del natalicio de Benito Ju\u00e1rez.<\/li><li>Jueves 14 de abril: Jueves Santo<\/li><li>Viernes 15 de abril: Viernes Santo<\/li><li>Viernes 16 de septiembre: Conmemoraci\u00f3n del D\u00eda de la Independencia de M\u00e9xico.<\/li><li>Mi\u00e9rcoles 2 de noviembre: D\u00eda de los Fieles Difuntos.<\/li><li>Lunes 21 de noviembre: Conmemoraci\u00f3n del inicio de la Revoluci\u00f3n Mexicana (20 de noviembre).<\/li><li>Lunes 12 de diciembre: D\u00eda del empleado bancario.<\/li><\/ul>\n\n\n\n<p>El 1 de enero, el 1 de mayo (D\u00eda del trabajo) y el 25 de diciembre (Navidad), que caen en s\u00e1bado y domingo (d\u00edas de por s\u00ed estipulados de paro de operaciones) por disposici\u00f3n, las entidades tampoco deber\u00e1n abrir.<\/p>\n\n\n\n<h2 class=\"wp-block-heading\">D\u00edas de vacaciones para los trabajadores mexicanos<\/h2>\n\n\n\n<p>Los trabajadores que tengan m\u00e1s de un a\u00f1o de servicio disfrutar\u00e1n de un periodo anual de vacaciones pagadas, que de acuerdo a la ley, en ning\u00fan caso podr\u00e1 ser menor a seis d\u00edas laborales. A su vez, se le aumentar\u00e1n dos d\u00edas laborales, hasta llegar a 12, por cada a\u00f1o subsecuente de servicio.<\/p>\n\n\n\n<p>De acuerdo con la ley, a partir del quinto a\u00f1o de servicio, se aumentar\u00e1n dos d\u00edas de vacaciones por cada cinco a\u00f1os de servicio.<\/p>\n\n\n\n<p>En el caso de las personas que trabajan temporada, el periodo vacacional ser\u00e1 otorgado en proporci\u00f3n al n\u00famero de d\u00edas trabajados en el a\u00f1o.<\/p>\n\n\n\n<p>Los seis d\u00edas otorgados por ley como periodo vacacional de los trabajadores ha posicionado a M\u00e9xico como una de las econom\u00edas de mundo con menos d\u00edas de descanso para su fuerza laboral. El&nbsp;<a href=\"https:\/\/www.eleconomista.com.mx\/capitalhumano\/Mexico-sigue-a-la-cabeza-como-el-pais-con-menos-vacaciones-para-los-trabajadores-20210916-0059.html\" target=\"_blank\" rel=\"noreferrer noopener\">pa\u00eds se posiciona por debajo de Cuba, Panam\u00e1 y Nicaragua<\/a>, donde ofrecen hasta 30 d\u00edas desde el primer a\u00f1o de trabajo.<\/p>\n\n\n\n<h2 class=\"wp-block-heading\">\u00bfC\u00f3mo calcular la prima vacacional?<\/h2>\n\n\n\n<p>La prima vacacional es una cantidad de dinero adicional al salario que se paga para que los trabajadores disfruten de las vacaciones, es decir, de aquellos m\u00ednimo seis d\u00edas que otorga la ley al a\u00f1o.<\/p>\n\n\n\n<p>El monto de la prima vacacional depende del salario diario del trabajador y de los d\u00edas de vacaciones que le corresponden seg\u00fan sus a\u00f1os laborados en el lugar donde se encuentra empleado.<\/p>\n\n\n\n<p>Para calcular la prima vacacional, primero hay que conocer el salario diario que se percibe, esta cantidad se deber\u00e1 multiplicar por los d\u00edas de vacaciones a los que se tiene derecho, para luego multiplicar la cantidad que resulto por .25.<\/p>\n\n\n\n<p>Si el empleado no recibe el pago, puede acudir a la\u00a0<strong>Profedet<\/strong>\u00a0en donde se le brindar\u00e1 asesor\u00eda legal, gratuita y personalizada. <\/p>\n\n\n\n<p>Por Alhel\u00ed Montalvo<\/p>\n\n\n\n<p>Fuente: https:\/\/www.eleconomista.com.mx\/politica\/Dias-de-vacaciones-por-ley-cuantos-me-corresponden-y-cuando-20220101-0012.html<\/p>\n","protected":false},"excerpt":{"rendered":"<p>Los d\u00edas de descanso obligatorio est\u00e1n determinados por la Ley Federal del Trabajo. Si los trabajadores prestan sus servicios en estos d\u00edas, el empleador deber\u00e1 pagar un monto extra al que perciben\u00a0los trabajadores por d\u00eda.\u00a0 A dos a\u00f1os de que inici\u00f3 la&nbsp;pandemia, la&nbsp;vida laboral&nbsp;ha sufrido modificaciones, mientras algunas empresas ya piden que sus trabajadores vuelvan [&hellip;]<\/p>\n","protected":false},"author":2,"featured_media":100531,"comment_status":"open","ping_status":"open","sticky":false,"template":"","format":"standard","meta":{"footnotes":""},"categories":[64],"tags":[],"class_list":["post-100530","post","type-post","status-publish","format-standard","has-post-thumbnail","hentry","category-varios"],"_links":{"self":[{"href":"http:\/\/elcuartopoder.com.mx\/nw\/wp-json\/wp\/v2\/posts\/100530","targetHints":{"allow":["GET"]}}],"collection":[{"href":"http:\/\/elcuartopoder.com.mx\/nw\/wp-json\/wp\/v2\/posts"}],"about":[{"href":"http:\/\/elcuartopoder.com.mx\/nw\/wp-json\/wp\/v2\/types\/post"}],"author":[{"embeddable":true,"href":"http:\/\/elcuartopoder.com.mx\/nw\/wp-json\/wp\/v2\/users\/2"}],"replies":[{"embeddable":true,"href":"http:\/\/elcuartopoder.com.mx\/nw\/wp-json\/wp\/v2\/comments?post=100530"}],"version-history":[{"count":1,"href":"http:\/\/elcuartopoder.com.mx\/nw\/wp-json\/wp\/v2\/posts\/100530\/revisions"}],"predecessor-version":[{"id":100532,"href":"http:\/\/elcuartopoder.com.mx\/nw\/wp-json\/wp\/v2\/posts\/100530\/revisions\/100532"}],"wp:featuredmedia":[{"embeddable":true,"href":"http:\/\/elcuartopoder.com.mx\/nw\/wp-json\/wp\/v2\/media\/100531"}],"wp:attachment":[{"href":"http:\/\/elcuartopoder.com.mx\/nw\/wp-json\/wp\/v2\/media?parent=100530"}],"wp:term":[{"taxonomy":"category","embeddable":true,"href":"http:\/\/elcuartopoder.com.mx\/nw\/wp-json\/wp\/v2\/categories?post=100530"},{"taxonomy":"post_tag","embeddable":true,"href":"http:\/\/elcuartopoder.com.mx\/nw\/wp-json\/wp\/v2\/tags?post=100530"}],"curies":[{"name":"wp","href":"https:\/\/api.w.org\/{rel}","templated":true}]}}