{"id":100539,"date":"2022-01-03T22:51:34","date_gmt":"2022-01-04T03:51:34","guid":{"rendered":"http:\/\/elcuartopoder.com.mx\/nw\/?p=100539"},"modified":"2022-01-03T22:51:35","modified_gmt":"2022-01-04T03:51:35","slug":"aduanas-reporta-record-historico-de-recaudacion-en-2021","status":"publish","type":"post","link":"http:\/\/elcuartopoder.com.mx\/nw\/economia\/aduanas-reporta-record-historico-de-recaudacion-en-2021\/","title":{"rendered":"Aduanas reporta r\u00e9cord hist\u00f3rico de recaudaci\u00f3n en 2021"},"content":{"rendered":"\n<p> Aduanas reporta r\u00e9cord hist\u00f3rico de recaudaci\u00f3n en 2021 <\/p>\n\n\n\n<p>Horacio Duarte, titular de la Administraci\u00f3n General de Aduanas, inform\u00f3 que M\u00e9xico super\u00f3 el bill\u00f3n de pesos en recaudaci\u00f3n de impuestos al comercio exterior por primera vez en su historia.<\/p>\n\n\n\n<p>A trav\u00e9s de su cuenta de Twitter, Duarte Olivares presumi\u00f3 que Aduanas recaud\u00f3 al cierre de 2021 la cifra hist\u00f3rica de un bill\u00f3n mil 377 mil millones 380 mil pesos.<\/p>\n\n\n\n<p>\u00abCerramos el 2021 con una noticia extraordinaria: superamos por primera vez en la historia de M\u00e9xico el umbral del bill\u00f3n de pesos en recaudaci\u00f3n desde las aduanas\u00bb, escribi\u00f3 el funcionario federal.<\/p>\n\n\n\n<p>En videoconferencia, destac\u00f3 que las aduanas que presentaron un mayor crecimiento y captaci\u00f3n de ingresos en 2021 fueron las de Veracruz, Manzanillo, L\u00e1zaro C\u00e1rdenas, Nuevo Laredo y Altamira. <\/p>\n\n\n\n<p><\/p>\n\n\n\n<figure class=\"wp-block-image\"><img loading=\"lazy\" decoding=\"async\" width=\"409\" height=\"504\" src=\"http:\/\/elcuartopoder.com.mx\/nw\/wp-content\/uploads\/2022\/01\/aduanas001123.png\" alt=\"\" class=\"wp-image-100540\" srcset=\"http:\/\/elcuartopoder.com.mx\/nw\/wp-content\/uploads\/2022\/01\/aduanas001123.png 409w, http:\/\/elcuartopoder.com.mx\/nw\/wp-content\/uploads\/2022\/01\/aduanas001123-243x300.png 243w, http:\/\/elcuartopoder.com.mx\/nw\/wp-content\/uploads\/2022\/01\/aduanas001123-324x400.png 324w\" sizes=\"auto, (max-width: 409px) 100vw, 409px\" \/><\/figure>\n\n\n\n<p>\u00a0<\/p>\n\n\n\n<p><\/p>\n","protected":false},"excerpt":{"rendered":"<p>Aduanas reporta r\u00e9cord hist\u00f3rico de recaudaci\u00f3n en 2021 Horacio Duarte, titular de la Administraci\u00f3n General de Aduanas, inform\u00f3 que M\u00e9xico super\u00f3 el bill\u00f3n de pesos en recaudaci\u00f3n de impuestos al comercio exterior por primera vez en su historia. A trav\u00e9s de su cuenta de Twitter, Duarte Olivares presumi\u00f3 que Aduanas recaud\u00f3 al cierre de 2021 [&hellip;]<\/p>\n","protected":false},"author":2,"featured_media":100541,"comment_status":"open","ping_status":"open","sticky":false,"template":"","format":"standard","meta":{"footnotes":""},"categories":[1],"tags":[],"class_list":["post-100539","post","type-post","status-publish","format-standard","has-post-thumbnail","hentry","category-economia"],"_links":{"self":[{"href":"http:\/\/elcuartopoder.com.mx\/nw\/wp-json\/wp\/v2\/posts\/100539","targetHints":{"allow":["GET"]}}],"collection":[{"href":"http:\/\/elcuartopoder.com.mx\/nw\/wp-json\/wp\/v2\/posts"}],"about":[{"href":"http:\/\/elcuartopoder.com.mx\/nw\/wp-json\/wp\/v2\/types\/post"}],"author":[{"embeddable":true,"href":"http:\/\/elcuartopoder.com.mx\/nw\/wp-json\/wp\/v2\/users\/2"}],"replies":[{"embeddable":true,"href":"http:\/\/elcuartopoder.com.mx\/nw\/wp-json\/wp\/v2\/comments?post=100539"}],"version-history":[{"count":1,"href":"http:\/\/elcuartopoder.com.mx\/nw\/wp-json\/wp\/v2\/posts\/100539\/revisions"}],"predecessor-version":[{"id":100542,"href":"http:\/\/elcuartopoder.com.mx\/nw\/wp-json\/wp\/v2\/posts\/100539\/revisions\/100542"}],"wp:featuredmedia":[{"embeddable":true,"href":"http:\/\/elcuartopoder.com.mx\/nw\/wp-json\/wp\/v2\/media\/100541"}],"wp:attachment":[{"href":"http:\/\/elcuartopoder.com.mx\/nw\/wp-json\/wp\/v2\/media?parent=100539"}],"wp:term":[{"taxonomy":"category","embeddable":true,"href":"http:\/\/elcuartopoder.com.mx\/nw\/wp-json\/wp\/v2\/categories?post=100539"},{"taxonomy":"post_tag","embeddable":true,"href":"http:\/\/elcuartopoder.com.mx\/nw\/wp-json\/wp\/v2\/tags?post=100539"}],"curies":[{"name":"wp","href":"https:\/\/api.w.org\/{rel}","templated":true}]}}