{"id":100676,"date":"2022-01-06T17:43:59","date_gmt":"2022-01-06T22:43:59","guid":{"rendered":"http:\/\/elcuartopoder.com.mx\/nw\/?p=100676"},"modified":"2022-01-06T17:46:13","modified_gmt":"2022-01-06T22:46:13","slug":"los-cimientos-de-la-polarizacion-politica","status":"publish","type":"post","link":"http:\/\/elcuartopoder.com.mx\/nw\/editorial\/los-cimientos-de-la-polarizacion-politica\/","title":{"rendered":"Los cimientos de la polarizaci\u00f3n pol\u00edtica"},"content":{"rendered":"\n<p><strong>\u201c(\u2026) la polarizaci\u00f3n pol\u00edtica tiene cimientos profundos y no ir\u00e1 hasta que se resuelva en definitiva el destino de la moderna sociedad capitalista. Es una lucha de por lo menos otras tres d\u00e9cadas, seg\u00fan las previsiones de Immanuel Wallerstein y otros pensadores del an\u00e1lisis del sistema-mundo como Giovanni Arrighi\u201d.<\/strong><\/p>\n\n\n\n<p>Chairos vs. fif\u00eds en M\u00e9xico, pro Trump y anti Trump en EU, Boric vs. Kast en Chile, etc. Confrontaciones semejantes ocurren en otras partes de Am\u00e9rica, como Brasil o en Europa occidental, como en Espa\u00f1a e Italia. Hoy la pol\u00edtica profesional se dirime en un ambiente de polarizaci\u00f3n. Se ha culpado de ello a las redes sociales, al consumo de&nbsp;<em>fake news<\/em>, por ejemplo con la utilizaci\u00f3n de algoritmos para crear perfiles de votantes como ocurri\u00f3 en el proceso del Brexit.<\/p>\n\n\n\n<p>Lo cierto es que la polarizaci\u00f3n tiene cimientos m\u00e1s profundos que las redes sociales, y est\u00e1 anclada en el antagonismo social que define a una sociedad por naturaleza desigual como es el capitalismo y a un periodo hist\u00f3rico tocado por el fin de este sistema socio-hist\u00f3rico en el que la humanidad ha vivido en los pasados 500 a\u00f1os.<\/p>\n\n\n\n<p>Las diversas crisis que atraviesan el todav\u00eda hegem\u00f3nico orden capitalista (social, econ\u00f3mico, pol\u00edtico, ideol\u00f3gico, sanitario, ambiental) empujan de manera justificada a que existan m\u00e1s opiniones divergentes sobre esos temas: los privilegiados ven ventajas del actual sistema socio-hist\u00f3rico de producci\u00f3n material y de sentido. Si eres millonario, tienes menos riesgos de que te afecte la COVID, la crisis econ\u00f3mica, el desempleo, la inflaci\u00f3n o la falta de seguridad social. Si eres pobre, se tienen menos posibilidades de enfrentar las adversidades o de plano quedas excluido.<\/p>\n\n\n\n<p>Aunque parezca sacado de manual de materialismo hist\u00f3rico, tu condici\u00f3n de clase te define socialmente, moldea tus percepciones, tu producci\u00f3n de sentido ante la vida y ante el mundo social. En periodos de bonanza y de expansi\u00f3n de derechos para los de abajo (cuando la lucha social lograba m\u00e1s conquistas), el antagonismo social se modera, como ocurri\u00f3 en el periodo de expansi\u00f3n capitalista en la mayor\u00eda del mundo despu\u00e9s de la Segunda Guerra Mundial.<\/p>\n\n\n\n<p>En periodos de crisis y cuando los de arriba imponen una guerra contra la expansi\u00f3n de derechos para los de abajo, como ha ocurrido en el largo periodo neoliberal, el antagonismo social se intensifica. Aqu\u00ed surgen los cimientos de la polarizaci\u00f3n social. Facebook es el veh\u00edculo, no la causa.<\/p>\n\n\n\n<p>Facebook o las redes sociales no son los causantes de la polarizaci\u00f3n pol\u00edtica; la polarizaci\u00f3n pol\u00edtica tiene cimientos profundos y no ir\u00e1 hasta que se resuelva en definitiva el destino de la moderna sociedad capitalista. Es una lucha de por lo menos otras tres d\u00e9cadas, seg\u00fan las previsiones de Immanuel Wallerstein y otros pensadores del an\u00e1lisis del sistema-mundo como Giovanni Arrighi.<\/p>\n\n\n\n<p>En t\u00e9rminos sucintos, el moderno sistema-mundo capitalista atraviesa una etapa final que se define por una bifurcaci\u00f3n definitiva, seg\u00fan analiz\u00f3 Wallerstein uno de los estudiosos m\u00e1s acuciosos de la moderna sociedad capitalista: o la bifurcaci\u00f3n toma el camino de un sistema socio-hist\u00f3rico donde los de arriba imponen un orden de dominaci\u00f3n m\u00e1s explotador, autoritario y antidemocr\u00e1tico o la bifurcaci\u00f3n es ganada por los de abajo donde se empuja a la construcci\u00f3n de una sociedad donde se someta el orden de la ganancia y el imperio de la acumulaci\u00f3n por un sistema social donde impere la democracia aut\u00e9ntica, la solidaridad, la cooperaci\u00f3n, lo com\u00fan contra lo privado, el respeto a la diversidad y la garant\u00eda de que todos tendr\u00e1n la satisfacci\u00f3n digna de todas sus necesidades. Esa es la batalla pol\u00edtica definitiva del siglo XXI.<\/p>\n\n\n\n<p>Si ganan los de arriba, podemos estar seguros, la humanidad est\u00e1 condenada a la barbarie y a la extinci\u00f3n. Para preservarnos como especie estamos obligados a derrotar el orden social capitalista con su imperio de la ganancia y la acumulaci\u00f3n como prioridad.<\/p>\n\n\n\n<p>Esta batalla definitoria del destino de la humanidad se libra en el campo de las competencias electorales y de la pol\u00edtica profesional de modo insuficiente e injusto. El sistema liberal de democracia representativa es una construcci\u00f3n pol\u00edtica del sistema capitalista para hacer creer a la poblaci\u00f3n que participando cada tantos a\u00f1os depositando un voto, define el destino de la sociedad en cuesti\u00f3n.<\/p>\n\n\n\n<p>Es de la mayor relevancia recordar que este sistema de \u201cdemocracia\u201d excluy\u00f3 a los que no ten\u00edan propiedades, a quienes no sab\u00edan leer, a los negros, a los comunistas o disidentes y hasta bien entrado el siglo XX a las mujeres. La \u201cdemocracia\u201d que ha legitimado el orden capitalista ha sido un sistema pol\u00edtico que ha privilegiado la opini\u00f3n de hombres blancos privilegiados que tienen propiedades, letrados, defienden el sistema de explotaci\u00f3n y votan a mano alzada para que los dem\u00e1s sepan como votan. La supuesta \u201cdemocracia\u201d universal, libre y secreta es apenas un instante en la historia del capitalismo. No est\u00e1 de m\u00e1s recordar que las mujeres en Suiza apenas tuvieron derecho al voto en 1971.<\/p>\n\n\n\n<p>Este orden pol\u00edtico se ha impuesto como el dominante en los pasados 50 a\u00f1os, y hace creer que el antagonismo social que genera \u201cnaturalmente\u201d el sistema capitalista se puede dirimir en la participaci\u00f3n electoral. Nada m\u00e1s alejado de la realidad.<\/p>\n\n\n\n<p>El sistema pol\u00edtico liberal de democracia representativa, con sus tramoyas electorales, y sus actores como partidos y candidatos, es una puesta en escena que termina por legitimarlo al no permitir a los actores disidentes hacer cambios sustanciales y de fondo.<\/p>\n\n\n\n<p>Por m\u00e1s izquierda que se llamen (liberal, socialdem\u00f3crata, comunista, Cuarta Transformaci\u00f3n, indigenista, etc.), estas opciones que entran al campo del sistema electoral liberal terminan fagocitadas por orden de dominaci\u00f3n capitalista porque se ven \u201cobligadas\u201d a aceptar las reglas del sistema pol\u00edtico y econ\u00f3mico para seguir participando en el sistema. Es la imposici\u00f3n de lo que llaman la Realpolitik.<\/p>\n\n\n\n<p>Ejemplos: puedes criticar el neoliberalismo pero debes respetar los tratados de libre comercio, puedes pregonar una constituci\u00f3n que otorga derechos a la Pachamama pero permite megaproyectos carreteros que destrozan parques nacionales, etc.<\/p>\n\n\n\n<p>La fuerza pol\u00edtica que empuje la bifurcaci\u00f3n sist\u00e9mica hacia un orden social solidario, cooperativo, emp\u00e1tico, respetuoso de las diversidades, a favor del bien com\u00fan y del reparto de las riquezas socialmente producidas no saldr\u00e1 de una campa\u00f1a electoral en el orden liberal, que es el orden de los de arriba. Saldr\u00e1 del empuje y del ingenio de los de abajo. Trastocando el orden impuesto.<\/p>\n\n\n\n<p>Aunque son ejemplos peque\u00f1os, podemos ver indicios de un nuevo orden social, distinto al capitalista las sociedades cooperativas y solidarias que se crean en las comunidades zapatistas en Chiapas y en las comunidades kurdas en Rojava que ejercen una en la democracia directa. Pero muchas grietas y fisuras al actual sistema capitalista emergen en cada resistencia ante la dominaci\u00f3n, la explotaci\u00f3n y despojo en todo el mundo.<\/p>\n\n\n\n<p>Por Rub\u00e9n Mart\u00edn<\/p>\n\n\n\n<p>fuente: https:\/\/www.sinembargo.mx\/02-01-2022\/4094611<\/p>\n\n\n\n<p><\/p>\n","protected":false},"excerpt":{"rendered":"<p>\u201c(\u2026) la polarizaci\u00f3n pol\u00edtica tiene cimientos profundos y no ir\u00e1 hasta que se resuelva en definitiva el destino de la moderna sociedad capitalista. Es una lucha de por lo menos otras tres d\u00e9cadas, seg\u00fan las previsiones de Immanuel Wallerstein y otros pensadores del an\u00e1lisis del sistema-mundo como Giovanni Arrighi\u201d. Chairos vs. fif\u00eds en M\u00e9xico, pro [&hellip;]<\/p>\n","protected":false},"author":2,"featured_media":100677,"comment_status":"open","ping_status":"open","sticky":false,"template":"","format":"standard","meta":{"footnotes":""},"categories":[63],"tags":[],"class_list":["post-100676","post","type-post","status-publish","format-standard","has-post-thumbnail","hentry","category-editorial"],"_links":{"self":[{"href":"http:\/\/elcuartopoder.com.mx\/nw\/wp-json\/wp\/v2\/posts\/100676","targetHints":{"allow":["GET"]}}],"collection":[{"href":"http:\/\/elcuartopoder.com.mx\/nw\/wp-json\/wp\/v2\/posts"}],"about":[{"href":"http:\/\/elcuartopoder.com.mx\/nw\/wp-json\/wp\/v2\/types\/post"}],"author":[{"embeddable":true,"href":"http:\/\/elcuartopoder.com.mx\/nw\/wp-json\/wp\/v2\/users\/2"}],"replies":[{"embeddable":true,"href":"http:\/\/elcuartopoder.com.mx\/nw\/wp-json\/wp\/v2\/comments?post=100676"}],"version-history":[{"count":2,"href":"http:\/\/elcuartopoder.com.mx\/nw\/wp-json\/wp\/v2\/posts\/100676\/revisions"}],"predecessor-version":[{"id":100679,"href":"http:\/\/elcuartopoder.com.mx\/nw\/wp-json\/wp\/v2\/posts\/100676\/revisions\/100679"}],"wp:featuredmedia":[{"embeddable":true,"href":"http:\/\/elcuartopoder.com.mx\/nw\/wp-json\/wp\/v2\/media\/100677"}],"wp:attachment":[{"href":"http:\/\/elcuartopoder.com.mx\/nw\/wp-json\/wp\/v2\/media?parent=100676"}],"wp:term":[{"taxonomy":"category","embeddable":true,"href":"http:\/\/elcuartopoder.com.mx\/nw\/wp-json\/wp\/v2\/categories?post=100676"},{"taxonomy":"post_tag","embeddable":true,"href":"http:\/\/elcuartopoder.com.mx\/nw\/wp-json\/wp\/v2\/tags?post=100676"}],"curies":[{"name":"wp","href":"https:\/\/api.w.org\/{rel}","templated":true}]}}