{"id":100722,"date":"2022-01-07T17:46:28","date_gmt":"2022-01-07T22:46:28","guid":{"rendered":"http:\/\/elcuartopoder.com.mx\/nw\/?p=100722"},"modified":"2022-01-07T17:46:29","modified_gmt":"2022-01-07T22:46:29","slug":"el-partido-entre-pumas-vs-toluca-se-reprograma-por-contagios-de-covid-19","status":"publish","type":"post","link":"http:\/\/elcuartopoder.com.mx\/nw\/entretenimiento\/deportes\/el-partido-entre-pumas-vs-toluca-se-reprograma-por-contagios-de-covid-19\/","title":{"rendered":"El partido entre Pumas vs Toluca se reprograma por contagios de Covid-19"},"content":{"rendered":"\n<p class=\"wp-block-paragraph\"><strong>El encuentro entre Pumas y Toluca se convierte en el segundo de la jornada 1 que sufre cambio de vida debido a los contagios de coronavirus<\/strong><\/p>\n\n\n\n<p class=\"wp-block-paragraph\">La jornada 1 del torneo Clausura 2022 de la&nbsp;<a href=\"https:\/\/www.ligamx.net\/cancha\/detallenoticia\/40033\/la-liga-bbva-mx-informa\" target=\"_blank\" rel=\"noreferrer noopener\">Liga MX<\/a>&nbsp;se sigue viendo afectada por los aumentos de casos de covid-19 entre los futbolistas. Ahora el duelo entre Pumas y Toluca fue pospuesto.<\/p>\n\n\n\n<p class=\"wp-block-paragraph\">\u201cTras realizarse las pruebas como parte de protocolo que la Liga MX establece a 72 horas previo al encuentro de la jornada 1 del Torneo Grita M\u00e9xico Clausura 2022, el cuerpo m\u00e9dico del Deportivo Toluca FC reporta siete casos positivos de covid-19\u2033, informaron los Diablos Rojos en un comunicado.<\/p>\n\n\n\n<p class=\"wp-block-paragraph\">Mientras que los felinos anunciaron este jueves que cuentan con dos casos, un jugador y un integrante del cuerpo t\u00e9cnico.<\/p>\n\n\n\n<p class=\"wp-block-paragraph\">El juego que estaba programado originalmente para el domingo 9 de enero a las 12:00 horas, en el Estadio Ol\u00edmpico Universitario, ahora se jugar\u00e1 el lunes 10 de enero, a las 21:00 horas.<\/p>\n\n\n\n<p class=\"wp-block-paragraph\">Este es el segundo encuentro de la Fecha 1 que cambia de d\u00eda. El primero fue el de Santos vs Tigres que se pas\u00f3 del s\u00e1bado 8 de enero al mi\u00e9rcoles 12 del mismo mes.<\/p>\n\n\n\n<p class=\"wp-block-paragraph\">fuente: https:\/\/www.marcrixnoticias.com\/el-partido-entre-pumas-vs-toluca-se-reprograma-por-contagios-de-covid-19\/<\/p>\n","protected":false},"excerpt":{"rendered":"<p>El encuentro entre Pumas y Toluca se convierte en el segundo de la jornada 1 que sufre cambio de vida debido a los contagios de coronavirus La jornada 1 del torneo Clausura 2022 de la&nbsp;Liga MX&nbsp;se sigue viendo afectada por los aumentos de casos de covid-19 entre los futbolistas. Ahora el duelo entre Pumas y [&hellip;]<\/p>\n","protected":false},"author":2,"featured_media":100723,"comment_status":"open","ping_status":"open","sticky":false,"template":"","format":"standard","meta":{"footnotes":""},"categories":[7],"tags":[],"class_list":["post-100722","post","type-post","status-publish","format-standard","has-post-thumbnail","hentry","category-deportes"],"_links":{"self":[{"href":"http:\/\/elcuartopoder.com.mx\/nw\/wp-json\/wp\/v2\/posts\/100722","targetHints":{"allow":["GET"]}}],"collection":[{"href":"http:\/\/elcuartopoder.com.mx\/nw\/wp-json\/wp\/v2\/posts"}],"about":[{"href":"http:\/\/elcuartopoder.com.mx\/nw\/wp-json\/wp\/v2\/types\/post"}],"author":[{"embeddable":true,"href":"http:\/\/elcuartopoder.com.mx\/nw\/wp-json\/wp\/v2\/users\/2"}],"replies":[{"embeddable":true,"href":"http:\/\/elcuartopoder.com.mx\/nw\/wp-json\/wp\/v2\/comments?post=100722"}],"version-history":[{"count":1,"href":"http:\/\/elcuartopoder.com.mx\/nw\/wp-json\/wp\/v2\/posts\/100722\/revisions"}],"predecessor-version":[{"id":100724,"href":"http:\/\/elcuartopoder.com.mx\/nw\/wp-json\/wp\/v2\/posts\/100722\/revisions\/100724"}],"wp:featuredmedia":[{"embeddable":true,"href":"http:\/\/elcuartopoder.com.mx\/nw\/wp-json\/wp\/v2\/media\/100723"}],"wp:attachment":[{"href":"http:\/\/elcuartopoder.com.mx\/nw\/wp-json\/wp\/v2\/media?parent=100722"}],"wp:term":[{"taxonomy":"category","embeddable":true,"href":"http:\/\/elcuartopoder.com.mx\/nw\/wp-json\/wp\/v2\/categories?post=100722"},{"taxonomy":"post_tag","embeddable":true,"href":"http:\/\/elcuartopoder.com.mx\/nw\/wp-json\/wp\/v2\/tags?post=100722"}],"curies":[{"name":"wp","href":"https:\/\/api.w.org\/{rel}","templated":true}]}}