{"id":100725,"date":"2022-01-07T17:49:41","date_gmt":"2022-01-07T22:49:41","guid":{"rendered":"http:\/\/elcuartopoder.com.mx\/nw\/?p=100725"},"modified":"2022-01-07T17:49:43","modified_gmt":"2022-01-07T22:49:43","slug":"va-laura-fernandez-por-gubernatura-de-quintana-roo-con-pan-prd-pri-y-fuerza-por-mexico","status":"publish","type":"post","link":"http:\/\/elcuartopoder.com.mx\/nw\/estatales\/va-laura-fernandez-por-gubernatura-de-quintana-roo-con-pan-prd-pri-y-fuerza-por-mexico\/","title":{"rendered":"Va Laura Fern\u00e1ndez por gubernatura de Quintana Roo con PAN-PRD-PRI y Fuerza por M\u00e9xico"},"content":{"rendered":"\n<h2 class=\"wp-block-heading\">La diputada federal hizo oficial su ruptura con la Cuarta Transformaci\u00f3n para unirse al proyecto de la oposici\u00f3n, donde buscar\u00e1 la candidatura. El PRI sube a la alianza de \u00faltima hora, a\u00fan cuando hab\u00edan dicho que ir\u00eda solo, de acuerdo con lo informado por Fern\u00e1ndez Pi\u00f1a.<\/h2>\n\n\n\n<p class=\"wp-block-paragraph\">\u00c9sta ma\u00f1ana Laura Fern\u00e1ndez ha confirmado que s\u00ed es alternativa para la oposici\u00f3n e incluso esta ma\u00f1ana inform\u00f3 su ruptura con la Cuarta Transformaci\u00f3n para ir en busca de la Gubernatura de Quintana Roo con la oposici\u00f3n en una mega alianza que formar\u00e1 el PAN \u2013 PRD \u2013 PRI y Fuerza Por M\u00e9xico.<\/p>\n\n\n\n<p class=\"wp-block-paragraph\">Vale resaltar que en entrevista con el dirigente del PRD en Quintana Roo, Leobardo Rojas, Marcrix Noticias cuestion\u00f3 al respecto de Laura Fern\u00e1ndez como opci\u00f3n de la oposici\u00f3n, a lo que el l\u00edder perredista coment\u00f3 que ellos no la ten\u00edan contemplada, sin embargo su dirigencia nacional s\u00ed, por lo que dej\u00f3 entrever que Fern\u00e1ndez s\u00ed era opci\u00f3n para el partido, adelantando que para que eso sucediera ella ten\u00eda que romper con su bancada en el Congreso de la Uni\u00f3n, lo cual hizo el d\u00eda de hoy.<\/p>\n\n\n\n<p class=\"wp-block-paragraph\">Fue la misma Laura Fern\u00e1ndez quien se encarg\u00f3 de confirmar la notica este jueves, al enviar un mensaje por medio de sus redes sociales en el que anunci\u00f3 sus intenciones para buscar la candidatura a la Gubernatura por Quintana Roo, en el cual tambi\u00e9n confirm\u00f3 la mega alianza que form\u00f3 la oposici\u00f3n, misma en la que el PRI habr\u00eda subido de \u00faltimo momento, a\u00fan cuando ya hab\u00edan dicho que ir\u00edan solos en el proceso, pero la diputada lo confirm\u00f3.<\/p>\n\n\n\n<p class=\"wp-block-paragraph\">\u201cAmigas y amigos: hoy he decidido dar un paso al frente para buscar la candidatura al gobierno de nuestro estado por parte de una coalici\u00f3n amplia, de gran representatividad, no solo de partidos pol\u00edticos, sino de sociedad civil, de empresarios, de los trabajadores tur\u00edsticos, de las zonas maya y sur, de todas y todos quienes amamos a esta tierra y queremos lo mejor para ella.<br>Se que este tipo de acuerdos corresponde a los l\u00edderes de los partidos pol\u00edticos, pero soy muy optimista de que vamos a consolidar este gran proyecto con el PRD, PAN, PRI, Fuerza por M\u00e9xico y cualquier otro instituto pol\u00edtico que quiera sumarse\u201d, escribi\u00f3 Laura Fern\u00e1ndez en sus redes.<\/p>\n\n\n\n<p class=\"wp-block-paragraph\">Con esta decisi\u00f3n parece ser que la puerta gubernamental ha quedado cerrada para Roberto Palazuelos, quien durante todo este tiempo apareci\u00f3 en el radar para abanderar esa mega alianza, pero ahora todo parece indicar que Laura Fern\u00e1ndez ser\u00e1 la encargada de enfrentar a la candidata de la Cuarta Transformaci\u00f3n, Mara Lezama.<\/p>\n\n\n\n<p class=\"wp-block-paragraph\">Se habla de que la candidatura de la mega alianza se decidir\u00e1 entre una medici\u00f3n entre Laura Fern\u00e1ndez y Mayuli Mart\u00ednez, en la que de acuerdo con trascendidos, todo esta alineado para que sea Fern\u00e1ndez quien se quede con la candidatura de la oposici\u00f3n.<\/p>\n\n\n\n<p class=\"wp-block-paragraph\"><strong>Diamante aclara<\/strong><\/p>\n\n\n\n<p class=\"wp-block-paragraph\">Ante esto, Marcrix Noticias contact\u00f3 al actor y empresario Roberto Palazuelos, quien dijo que el PRI no est\u00e1 dentro de la alianza, al tiempo de se\u00f1alar que \u00e9l se encuentra muy tranquilo, porque de acuerdo con datos que tiene en su poder, \u00e9l sale arriba de las otras candidatas con las que se llevar\u00e1 a cabo la medici\u00f3n, de la cual saldr\u00e1 el nombre del perfil mejor posicionado para abanderar la alianza.<\/p>\n\n\n\n<p class=\"wp-block-paragraph\">Asimismo, Palazuelos aclar\u00f3 que Laura Fern\u00e1ndez no es candidata de la mega alianza, porque todav\u00eda falta una medici\u00f3n que se realizar\u00e1 para definir quien es el mejor posicionado. La medici\u00f3n se estar\u00eda realizando entre Laura Fern\u00e1ndez, Mayuli Mart\u00ednez y Roberto Palazuelos.<\/p>\n\n\n\n<p class=\"wp-block-paragraph\">\u201cSe va a realizar una medici\u00f3n mediante encuestas, en lo cual estoy tranquilo porque yo tengo mis encuestas y salgo muy arriba de ellas\u201d, inform\u00f3 el \u201cDiamante\u201d para Marcrix Noticias.<\/p>\n\n\n\n<p class=\"wp-block-paragraph\"><strong>\u00bfPRI en la jugada?<\/strong><\/p>\n\n\n\n<p class=\"wp-block-paragraph\">Con el inicio de a\u00f1o se reavivo la idea de que el PRI se incorporara en la mega alianza que est\u00e1 formando la oposici\u00f3n para tratar de evitar que la avalancha de Morena siga arrasando con todos los cargos, pues fuentes al interior del Revolucionario Institucional revelaron que no perd\u00edan la esperanza que su partido se uniera a la coalici\u00f3n, con lo que dejaron entrever que las negociaciones entre el PRI y las dem\u00e1s fuerzas pol\u00edticas nunca se detuvieron como lo dieron a conocer en su momento los miembros de los partidos involucrados, y ahora, con lo revelado por Laura Fern\u00e1ndez al momento de anunciar su aspiraci\u00f3n Gubernamental, todo parece indicar que el PRI s\u00ed estar\u00e1 en el bloque opositor de aliados.<\/p>\n\n\n\n<p class=\"wp-block-paragraph\"><strong>\u00bfQu\u00e9 pas\u00f3 con Confianza?<\/strong><\/p>\n\n\n\n<p class=\"wp-block-paragraph\">Hasta el momento el Partido Confianza por Quintana Roo no ha estado presente en las negociaciones que est\u00e1n llevando a cabo las dem\u00e1s fuerzas pol\u00edticas que cerrar\u00e1n filas en busca de evitar que Morena y sus aliados tomen las riendas del estado, aunque todo parec\u00eda indicar que Confianza estar\u00eda dentro de ese bloque, pero de momento no tienen di\u00e1logos y siguen sin definir qu\u00e9 har\u00e1n en el proceso.<\/p>\n\n\n\n<p class=\"wp-block-paragraph\"><strong>Negociaciones<\/strong><\/p>\n\n\n\n<p class=\"wp-block-paragraph\">Laura Fern\u00e1ndez comenz\u00f3 a entablar negociaciones desde hace varios d\u00edas con la dirigencia nacional del PRD, ya que de acuerdo con el l\u00edder del Sol Azteca en la entidad, con ellos nunca hubo nada, pero s\u00ed en la Ciudad de M\u00e9xico, que es donde se estar\u00edan llevando a cabo las negociaciones para las Gubernaturas, no s\u00f3lo del PRD, sino de los dem\u00e1s partidos y de las alianzas, dejando a nivel local solamente las decisiones sobre las diputaciones, ya que en el proceso tambi\u00e9n estar\u00e1 en juego el Congreso del Estado.<\/p>\n\n\n\n<p class=\"wp-block-paragraph\"><strong>\u00bfHubo ultim\u00e1tum?<\/strong><\/p>\n\n\n\n<p class=\"wp-block-paragraph\">Hace unos d\u00edas trascendi\u00f3 que el PRD dej\u00f3 claro en la mesa de negociaci\u00f3n que si la candidata de la coalici\u00f3n era la senadora Mayuli Mart\u00ednez ellos se retirar\u00edan de la alianza, argumentando que prefieren enfrentar el proceso solos antes que tener como abanderada a la senadora, y fue ah\u00ed donde se activo la opci\u00f3n de Fern\u00e1ndez Pi\u00f1a, quien esta ma\u00f1ana rompi\u00f3 con la Cuarta Transformaci\u00f3n.<\/p>\n\n\n\n<p class=\"wp-block-paragraph\"><strong>\u00bfY Leslie Hendricks?<\/strong><\/p>\n\n\n\n<p class=\"wp-block-paragraph\">Hasta hace unos d\u00edas todo parece indicar que la hija del ex gobernador de Quintana Roo Joaqu\u00edn Hendricks ser\u00eda la abanderada del PRI para contender por las riendas de la entidad, hoy con lo informado por Laura Fern\u00e1ndez todo podr\u00eda dar un giro de 360 grados, pues ella afirm\u00f3 que el PRI estar\u00e1 dentro de la mega alianza de la oposici\u00f3n, a\u00fan anteriormente se hab\u00eda anunciado que ellos contender\u00edan solos, y para lo cual ya negociaban con Leslie, con quien las pl\u00e1ticas estaban por cerrarse para que los abanderara en la contienda.<\/p>\n\n\n\n<figure class=\"wp-block-image\"><img decoding=\"async\" src=\"https:\/\/www.marcrixnoticias.com\/wp-content\/uploads\/2022\/01\/WhatsApp-Image-2022-01-06-at-12.54.24-PM.jpeg\" alt=\"\"\/><\/figure>\n\n\n\n<p class=\"wp-block-paragraph\"><strong>Postura oficial de Laura Fern\u00e1ndez<\/strong><\/p>\n\n\n\n<p class=\"wp-block-paragraph\">La diputada federal por Quintana Roo Laura Fern\u00e1ndez Pi\u00f1a anunci\u00f3 su desvinculaci\u00f3n del partido Verde, en el que milit\u00f3 poco m\u00e1s de seis a\u00f1os y dio a conocer su inter\u00e9s en ser candidata de una coalici\u00f3n amplia de partidos al gobierno de Quintana Roo.<\/p>\n\n\n\n<p class=\"wp-block-paragraph\">Tambi\u00e9n anunci\u00f3 su adhesi\u00f3n a la bancada del PRD, partido que siglar\u00e1 la candidatura al gobierno de Quintana Roo en la alianza que se est\u00e1 conformando.<br>Subray\u00f3 su optimismo de que se concrete una alianza amplia de partidos pol\u00edticos con la participaci\u00f3n del PRD, PAN, PRI, Fuerza por M\u00e9xico y otros institutos pol\u00edticos que est\u00e9n interesados.<\/p>\n\n\n\n<p class=\"wp-block-paragraph\">\u201cEs cierto que las coaliciones las construyen los partidos pol\u00edticos, pero mantengo mi optimismo de que se pueda concretar un acuerdo de este tipo\u201d, enfatiz\u00f3.<\/p>\n\n\n\n<p class=\"wp-block-paragraph\">Dijo que se encuentra en el mejor momento de su carrera pol\u00edtica, pero que en el Verde ya no hab\u00eda espacios para tener mayor desenvolvimiento y crecimiento.<\/p>\n\n\n\n<p class=\"wp-block-paragraph\">\u201cSoy una mujer de constante evoluci\u00f3n y crecimiento. No me gusta estancarme y por ello prefiero esta desvinculaci\u00f3n, para continuar con mi crecimiento profesional y pol\u00edtico\u201d, indic\u00f3.<\/p>\n\n\n\n<p class=\"wp-block-paragraph\">\u201cA los dirigentes del partido Verde les agradadezco las oportunidades que me dieron para ser su candidata. Siempre busqu\u00e9 retribuirles con buenos resultados, tanto electorales como en las funciones de gobierno\u201d, dijo.<\/p>\n\n\n\n<p class=\"wp-block-paragraph\">\u201cCon ellos particip\u00e9 en cuatro elecciones, en tres de ellas como candidata y les entregu\u00e9 siempre buenas cuentas, les di triunfos contundentes con aumentos constantes en sus niveles de votaci\u00f3n\u201d, precis\u00f3.<br>Record\u00f3 que en las elecciones de junio pasado no solo gan\u00f3 su propia elecci\u00f3n, sino que ayud\u00f3 de manera muy activa a que el Verde refrende por tercera ocasi\u00f3n el municipio de Puerto Morelos.<br>\u201cNo me deben, ni les debo\u201d, enfatiz\u00f3.<\/p>\n\n\n\n<p class=\"wp-block-paragraph\">\u201cA partir de hoy caminaremos por senderos diferentes. En la trinchera en la que me encuentre seguir\u00e9 poniendo todo mi empe\u00f1o y compromiso para lograr resultados que beneficien a nuestra gente y a nuestro estado\u201d, se\u00f1al\u00f3.<\/p>\n","protected":false},"excerpt":{"rendered":"<p>La diputada federal hizo oficial su ruptura con la Cuarta Transformaci\u00f3n para unirse al proyecto de la oposici\u00f3n, donde buscar\u00e1 la candidatura. El PRI sube a la alianza de \u00faltima hora, a\u00fan cuando hab\u00edan dicho que ir\u00eda solo, de acuerdo con lo informado por Fern\u00e1ndez Pi\u00f1a. \u00c9sta ma\u00f1ana Laura Fern\u00e1ndez ha confirmado que s\u00ed es [&hellip;]<\/p>\n","protected":false},"author":2,"featured_media":100727,"comment_status":"open","ping_status":"open","sticky":false,"template":"","format":"standard","meta":{"footnotes":""},"categories":[60],"tags":[],"class_list":["post-100725","post","type-post","status-publish","format-standard","has-post-thumbnail","hentry","category-estatales"],"_links":{"self":[{"href":"http:\/\/elcuartopoder.com.mx\/nw\/wp-json\/wp\/v2\/posts\/100725","targetHints":{"allow":["GET"]}}],"collection":[{"href":"http:\/\/elcuartopoder.com.mx\/nw\/wp-json\/wp\/v2\/posts"}],"about":[{"href":"http:\/\/elcuartopoder.com.mx\/nw\/wp-json\/wp\/v2\/types\/post"}],"author":[{"embeddable":true,"href":"http:\/\/elcuartopoder.com.mx\/nw\/wp-json\/wp\/v2\/users\/2"}],"replies":[{"embeddable":true,"href":"http:\/\/elcuartopoder.com.mx\/nw\/wp-json\/wp\/v2\/comments?post=100725"}],"version-history":[{"count":1,"href":"http:\/\/elcuartopoder.com.mx\/nw\/wp-json\/wp\/v2\/posts\/100725\/revisions"}],"predecessor-version":[{"id":100726,"href":"http:\/\/elcuartopoder.com.mx\/nw\/wp-json\/wp\/v2\/posts\/100725\/revisions\/100726"}],"wp:featuredmedia":[{"embeddable":true,"href":"http:\/\/elcuartopoder.com.mx\/nw\/wp-json\/wp\/v2\/media\/100727"}],"wp:attachment":[{"href":"http:\/\/elcuartopoder.com.mx\/nw\/wp-json\/wp\/v2\/media?parent=100725"}],"wp:term":[{"taxonomy":"category","embeddable":true,"href":"http:\/\/elcuartopoder.com.mx\/nw\/wp-json\/wp\/v2\/categories?post=100725"},{"taxonomy":"post_tag","embeddable":true,"href":"http:\/\/elcuartopoder.com.mx\/nw\/wp-json\/wp\/v2\/tags?post=100725"}],"curies":[{"name":"wp","href":"https:\/\/api.w.org\/{rel}","templated":true}]}}