{"id":100832,"date":"2022-01-09T08:25:53","date_gmt":"2022-01-09T13:25:53","guid":{"rendered":"http:\/\/elcuartopoder.com.mx\/nw\/?p=100832"},"modified":"2022-01-09T08:25:55","modified_gmt":"2022-01-09T13:25:55","slug":"casos-de-omicron-crecen-100-en-esta-semana-en-quintana-roo","status":"publish","type":"post","link":"http:\/\/elcuartopoder.com.mx\/nw\/estatales\/casos-de-omicron-crecen-100-en-esta-semana-en-quintana-roo\/","title":{"rendered":"Casos de \u00d3micron crecen 100% en esta semana en Quintana Roo"},"content":{"rendered":"\n<p>Los contagios de la variante \u00f3micron&nbsp;<strong>se duplicaron esta semana en Quintana Roo<\/strong>. En los \u00faltimos tres d\u00edas 18 casos positivos nuevos fueron confirmados por el Instituto de Diagn\u00f3stico y Referencia Epidemiol\u00f3gicos (Indre).<\/p>\n\n\n\n<p>De esta manera la entidad presenta 36 casos de la que es considerada la variante m\u00e1s contagiosa. El pasado 4 de enero solo ten\u00eda 18. En la Pen\u00ednsula de Yucat\u00e1n&nbsp;<strong>la cifra es de 68 personas positivas<\/strong>&nbsp;(32 se encuentran en Yucat\u00e1n.<\/p>\n\n\n\n<p>El estado de Quintana Roo ocupa<strong>&nbsp;el cuarto lugar nacional en pruebas confirmadas de \u00f3micron<\/strong>, solo por debajo de la Ciudad de M\u00e9xico que reporta 387, el Estado de M\u00e9xico con 81 y Jalisco que tiene 43 confirmaciones.<\/p>\n\n\n\n<blockquote class=\"wp-block-quote is-layout-flow wp-block-quote-is-layout-flow\"><p>\u201cSab\u00edamos y los dijimos que la temporada decembrina y la alta tasa de contagios registrada en otras partes del mundo por esta variante, tendr\u00edan un impacto en nuestra entidad\u201d, se\u00f1alaba esta semana el gobernador Carlos Joaqu\u00edn Gonz\u00e1lez.<\/p><\/blockquote>\n\n\n\n<p>Seg\u00fan los datos de la plataforma&nbsp;<strong><a href=\"https:\/\/www.gisaid.org\/hcov19-variants\/\" target=\"_blank\" rel=\"noreferrer noopener\">Gisaid<\/a><\/strong>, Estados Unidos, uno de los pa\u00edses que m\u00e1s turismo env\u00eda a Quintana Roo reporta este viernes 7 de enero 60 mil 825 positivos a \u00f3micron, mientras que Canad\u00e1 la cifra alcanza dos mil 287 casos. En M\u00e9xico se contabilizan 648 casos de \u00f3micron en total.<\/p>\n\n\n\n<p>Para las autoridades estatales el rebrote mundial se explica por el hecho de que algunos segmentos de la poblaci\u00f3n&nbsp;<strong>no se han vacunado<\/strong>, el relajamiento de las medidas preventivas, adem\u00e1s de la alta transmisibilidad de la variante. Quintana Roo no es la excepci\u00f3n.<\/p>\n\n\n\n<h2 class=\"wp-block-heading\"><strong>Quintana Roo retrocede a Amarillo en el sem\u00e1foro<\/strong><\/h2>\n\n\n\n<p>Este jueves, el gobernador de Quintana Roo, Carlos Joaqu\u00edn Gonz\u00e1lez&nbsp;<a href=\"https:\/\/sipse.com\/novedades\/semaforo-epidemiologico-quintana-roo-415880.html\" target=\"_blank\" rel=\"noreferrer noopener\">anunci\u00f3<\/a>&nbsp;que el sem\u00e1foro epidemiol\u00f3gico COVID en Quintana Roo&nbsp;<strong>retrocedi\u00f3 a amarillo<\/strong>.<\/p>\n\n\n\n<p>Esto implicar\u00e1 la reducci\u00f3n de aforo en negocios lo que adem\u00e1s, ralentizar\u00e1 la recuperaci\u00f3n econ\u00f3mica durante la semana&nbsp;<strong>del 10 al 16 de enero de 2022<\/strong>.<\/p>\n\n\n\n<p>A trav\u00e9s de sus redes sociales, Joaqu\u00edn Gonz\u00e1lez revel\u00f3 que el sem\u00e1foro amarillo en todo el estado no implicar\u00e1 el cierre de actividades, pero s\u00ed el regreso de las restricciones de horario y aforo en los negocios.<\/p>\n\n\n\n<p><strong>Fuente:<\/strong> SIPSE<\/p>\n","protected":false},"excerpt":{"rendered":"<p>Los contagios de la variante \u00f3micron&nbsp;se duplicaron esta semana en Quintana Roo. En los \u00faltimos tres d\u00edas 18 casos positivos nuevos fueron confirmados por el Instituto de Diagn\u00f3stico y Referencia Epidemiol\u00f3gicos (Indre). De esta manera la entidad presenta 36 casos de la que es considerada la variante m\u00e1s contagiosa. El pasado 4 de enero solo [&hellip;]<\/p>\n","protected":false},"author":2,"featured_media":100833,"comment_status":"open","ping_status":"open","sticky":false,"template":"","format":"standard","meta":{"footnotes":""},"categories":[60],"tags":[],"class_list":["post-100832","post","type-post","status-publish","format-standard","has-post-thumbnail","hentry","category-estatales"],"_links":{"self":[{"href":"http:\/\/elcuartopoder.com.mx\/nw\/wp-json\/wp\/v2\/posts\/100832","targetHints":{"allow":["GET"]}}],"collection":[{"href":"http:\/\/elcuartopoder.com.mx\/nw\/wp-json\/wp\/v2\/posts"}],"about":[{"href":"http:\/\/elcuartopoder.com.mx\/nw\/wp-json\/wp\/v2\/types\/post"}],"author":[{"embeddable":true,"href":"http:\/\/elcuartopoder.com.mx\/nw\/wp-json\/wp\/v2\/users\/2"}],"replies":[{"embeddable":true,"href":"http:\/\/elcuartopoder.com.mx\/nw\/wp-json\/wp\/v2\/comments?post=100832"}],"version-history":[{"count":1,"href":"http:\/\/elcuartopoder.com.mx\/nw\/wp-json\/wp\/v2\/posts\/100832\/revisions"}],"predecessor-version":[{"id":100834,"href":"http:\/\/elcuartopoder.com.mx\/nw\/wp-json\/wp\/v2\/posts\/100832\/revisions\/100834"}],"wp:featuredmedia":[{"embeddable":true,"href":"http:\/\/elcuartopoder.com.mx\/nw\/wp-json\/wp\/v2\/media\/100833"}],"wp:attachment":[{"href":"http:\/\/elcuartopoder.com.mx\/nw\/wp-json\/wp\/v2\/media?parent=100832"}],"wp:term":[{"taxonomy":"category","embeddable":true,"href":"http:\/\/elcuartopoder.com.mx\/nw\/wp-json\/wp\/v2\/categories?post=100832"},{"taxonomy":"post_tag","embeddable":true,"href":"http:\/\/elcuartopoder.com.mx\/nw\/wp-json\/wp\/v2\/tags?post=100832"}],"curies":[{"name":"wp","href":"https:\/\/api.w.org\/{rel}","templated":true}]}}