{"id":100857,"date":"2022-01-09T23:36:32","date_gmt":"2022-01-10T04:36:32","guid":{"rendered":"http:\/\/elcuartopoder.com.mx\/nw\/?p=100857"},"modified":"2022-01-09T23:36:34","modified_gmt":"2022-01-10T04:36:34","slug":"mas-de-200-muertos-en-ataques-de-bandidos-en-nigeria","status":"publish","type":"post","link":"http:\/\/elcuartopoder.com.mx\/nw\/internacionales\/mas-de-200-muertos-en-ataques-de-bandidos-en-nigeria\/","title":{"rendered":"M\u00e1s de 200 muertos en ataques de bandidos en Nigeria"},"content":{"rendered":"\n<p class=\"wp-block-paragraph\">Al menos 218 vecinos y milicianos han muerto en&nbsp;<strong>ataques<\/strong>&nbsp;de grupos de&nbsp;<strong>bandidos<\/strong>&nbsp;perpetrados desde el mi\u00e9rcoles contra comunidades del estado nigeriano de&nbsp;<strong>Zamfara<\/strong>, en una de las olas de violencia m\u00e1s cruentas de los \u00faltimos meses en el pa\u00eds africano, seg\u00fan el balance recogido por el portal \u2018People&#8217;s Gazette\u2019.<\/p>\n\n\n\n<p class=\"wp-block-paragraph\">Los bandidos, unos 500 y equipados con armamento avanzado, llegaron en motocicletas y asaltaron las comunidades de Barayar Zaki, Wanu, Rafin Gero, Laho, Lallaho, Kurfar Danya, Dutsin Dan Ajiya, Tungar Geza, Kewaye y Tungar Na More, seg\u00fan recoge por su parte el portal de noticias nigeriano \u2018Sahara Reporters\u2019.<\/p>\n\n\n\n<p class=\"wp-block-paragraph\">Tras los ataques, los vecinos han recuperado&nbsp;<strong>m\u00e1s de 200 cad\u00e1veres<\/strong>&nbsp;de la zona, muchos de ellos agricultores que fueron sorprendidos en sus tierras.<\/p>\n\n\n\n<p class=\"wp-block-paragraph\">Unas 140 v\u00edctimas ser\u00edan milicianos de las autodefensas que fueron enterrados el viernes en Kurfad Danye, seg\u00fan las fuentes consultadas por \u2018Sahara Reporters\u2019.<\/p>\n\n\n\n<p class=\"wp-block-paragraph\">Unos 22 cad\u00e1veres han sido recuperados en la localidad de Kurfar Danya, ocho en Tungar Geza, seis en Tungar Dan Gayya, cinco en Tungar Toro, cuatro en Abare, tres en Walo, dos en Tungar Isa y uno en Keya, de acuerdo con el recuento de los supervivientes recogido por el \u2018Premium Times\u2019.<\/p>\n\n\n\n<p class=\"wp-block-paragraph\">Los atacantes han provocado adem\u00e1s importantes da\u00f1os materiales, han&nbsp;<strong>secuestrado<\/strong>&nbsp;a varias personas y obligado a abandonar sus hogares a miles de civiles, incluidas mujeres y ni\u00f1os, que se han refugiado en la ciudad de Anka.<\/p>\n\n\n\n<p class=\"wp-block-paragraph\">Estos ataques ser\u00edan, presuntamente, orden de uno de los jefes criminales m\u00e1s conocidos de la regi\u00f3n, el temido&nbsp;<strong>Bello Turji<\/strong>, seg\u00fan uno de los supervivientes de los ataques.<\/p>\n\n\n\n<p class=\"wp-block-paragraph\">El gobernador de&nbsp;<strong>Zamfara<\/strong>, Bello Matawalle, ha visitado una base del&nbsp;<strong>Ej\u00e9rcito<\/strong>&nbsp;en la ma\u00f1ana del s\u00e1bado y ha confirmado los ataques. Adem\u00e1s, ha visitado a militares heridos en un hospital de la zona para elevar la moral de los soldados y reiterar su apoyo en la lucha contra los criminales, informa el portal \u2018People&#8217;s Gazette\u2019.<\/p>\n\n\n\n<p class=\"wp-block-paragraph\">Con todo, el balance final de v\u00edctimas podr\u00eda aumentar en las \u00faltimas horas. Tras confirmar esta cifra provisional de fallecidos, Shawwal Aliyu, coordinador de Zamfara Circle, una organizaci\u00f3n de la sociedad civil ha querido matizar que este n\u00famero se trata solo de las&nbsp;<strong>v\u00edctimas mortales<\/strong>&nbsp;que han sido enterradas y que los residentes del estado todav\u00eda siguen buscando cuerpos.<\/p>\n\n\n\n<p class=\"wp-block-paragraph\">\u00abVamos a esperar a que los voluntarios terminen de reunirse y luego contaremos el n\u00famero. Hay que tener en cuenta que no estamos hablando de una sola zona\u00bb, ha lamentado en declaraciones al \u2018Premium Times\u2019.<\/p>\n\n\n\n<h3 class=\"wp-block-heading\">\u00c9xodo de la poblaci\u00f3n<\/h3>\n\n\n\n<p class=\"wp-block-paragraph\">Aliyu ha recordado tambi\u00e9n que la&nbsp;<strong>matanza<\/strong>&nbsp;en Zamfara ha provocado un aut\u00e9ntico \u00e9xodo en la poblaci\u00f3n. Aproximadamente unas&nbsp;<strong>10.000 personas han huido<\/strong>&nbsp;de la campa\u00f1a de los bandidos, seg\u00fan estimaciones tambi\u00e9n preliminares. \u00abNo dispongo del n\u00famero exacto de personas desplazadas, pero nuestra principal preocupaci\u00f3n ahora es asegurarnos de que todas las mujeres y ni\u00f1os reciban refugio. Algunos de los residentes todav\u00eda est\u00e1n llegando a la ciudad\u00bb, ha indicado.<\/p>\n\n\n\n<p class=\"wp-block-paragraph\">Zamfara es una de las zonas preferidas de ataques armados por grupos de, como les describe el Gobierno, bandidos; grupos armados especializados en el\u00a0<strong>saqueo<\/strong>\u00a0de las poblaciones donde operan y en el\u00a0secuestro de menores\u00a0a cambio de rescates.<\/p>\n\n\n\n<p class=\"wp-block-paragraph\"><strong>Fuente:<\/strong> ABC<\/p>\n","protected":false},"excerpt":{"rendered":"<p>Al menos 218 vecinos y milicianos han muerto en&nbsp;ataques&nbsp;de grupos de&nbsp;bandidos&nbsp;perpetrados desde el mi\u00e9rcoles contra comunidades del estado nigeriano de&nbsp;Zamfara, en una de las olas de violencia m\u00e1s cruentas de los \u00faltimos meses en el pa\u00eds africano, seg\u00fan el balance recogido por el portal \u2018People&#8217;s Gazette\u2019. Los bandidos, unos 500 y equipados con armamento avanzado, [&hellip;]<\/p>\n","protected":false},"author":2,"featured_media":100858,"comment_status":"open","ping_status":"open","sticky":false,"template":"","format":"standard","meta":{"footnotes":""},"categories":[8],"tags":[],"class_list":["post-100857","post","type-post","status-publish","format-standard","has-post-thumbnail","hentry","category-internacionales"],"_links":{"self":[{"href":"http:\/\/elcuartopoder.com.mx\/nw\/wp-json\/wp\/v2\/posts\/100857","targetHints":{"allow":["GET"]}}],"collection":[{"href":"http:\/\/elcuartopoder.com.mx\/nw\/wp-json\/wp\/v2\/posts"}],"about":[{"href":"http:\/\/elcuartopoder.com.mx\/nw\/wp-json\/wp\/v2\/types\/post"}],"author":[{"embeddable":true,"href":"http:\/\/elcuartopoder.com.mx\/nw\/wp-json\/wp\/v2\/users\/2"}],"replies":[{"embeddable":true,"href":"http:\/\/elcuartopoder.com.mx\/nw\/wp-json\/wp\/v2\/comments?post=100857"}],"version-history":[{"count":1,"href":"http:\/\/elcuartopoder.com.mx\/nw\/wp-json\/wp\/v2\/posts\/100857\/revisions"}],"predecessor-version":[{"id":100859,"href":"http:\/\/elcuartopoder.com.mx\/nw\/wp-json\/wp\/v2\/posts\/100857\/revisions\/100859"}],"wp:featuredmedia":[{"embeddable":true,"href":"http:\/\/elcuartopoder.com.mx\/nw\/wp-json\/wp\/v2\/media\/100858"}],"wp:attachment":[{"href":"http:\/\/elcuartopoder.com.mx\/nw\/wp-json\/wp\/v2\/media?parent=100857"}],"wp:term":[{"taxonomy":"category","embeddable":true,"href":"http:\/\/elcuartopoder.com.mx\/nw\/wp-json\/wp\/v2\/categories?post=100857"},{"taxonomy":"post_tag","embeddable":true,"href":"http:\/\/elcuartopoder.com.mx\/nw\/wp-json\/wp\/v2\/tags?post=100857"}],"curies":[{"name":"wp","href":"https:\/\/api.w.org\/{rel}","templated":true}]}}