{"id":100868,"date":"2022-01-10T10:28:20","date_gmt":"2022-01-10T15:28:20","guid":{"rendered":"http:\/\/elcuartopoder.com.mx\/nw\/?p=100868"},"modified":"2022-01-10T10:28:22","modified_gmt":"2022-01-10T15:28:22","slug":"imss-e-issste-rebasados-con-el-tramite-de-incapacidad-covid","status":"publish","type":"post","link":"http:\/\/elcuartopoder.com.mx\/nw\/varios\/imss-e-issste-rebasados-con-el-tramite-de-incapacidad-covid\/","title":{"rendered":"IMSS e ISSSTE: rebasados con el tr\u00e1mite de incapacidad COVID"},"content":{"rendered":"\n<p class=\"wp-block-paragraph\"> Decenas de derechohabientes pasan horas haciendo filas para conseguir el documento. <\/p>\n\n\n\n<p class=\"wp-block-paragraph\">Las \u00e1reas de atenci\u00f3n de las instituciones de seguridad social para&nbsp;<strong>consulta y tr\u00e1mite de incapacidad<\/strong>&nbsp;en Canc\u00fan est\u00e1n saturadas ante el disparo en el&nbsp;<strong>n\u00famero de contagios de Covid-19<\/strong>&nbsp;en Quintana Roo.<\/p>\n\n\n\n<p class=\"wp-block-paragraph\">Tras la eliminaci\u00f3n de los tr\u00e1mites digitales de incapacidad, los derechohabientes del Instituto Mexicano del Seguro Social (IMSS)\u00a0<strong>deben acudir directamente a consulta<\/strong>\u00a0a las Unidades de Medicina Familiar, para que el m\u00e9dico entregue autorizaci\u00f3n.<\/p>\n\n\n\n<p class=\"wp-block-paragraph\">Esto ha provocado que decenas de personas&nbsp;<strong>hagan filas desde las primeras horas del d\u00eda<\/strong>&nbsp;a la intemperie, a fin de poder concluir sus tr\u00e1mites.<\/p>\n\n\n\n<p class=\"wp-block-paragraph\">En el Instituto de&nbsp;<strong>Seguridad y Servicios Sociales para los Trabajadores del Estado (Issste)<\/strong>&nbsp;la situaci\u00f3n es similar. A las afueras se observa a un gran n\u00famero de personas esperando pasar a consulta m\u00e9dica para obtener la incapacidad de trabajo.<\/p>\n\n\n\n<h2 class=\"wp-block-heading\">Derechohabientes del ISSSTE e IMSS pasan horas esperando para tramitar incapacidad<\/h2>\n\n\n\n<p class=\"wp-block-paragraph\">En redes sociales los derechohabientes han manifestado haber pasado m\u00e1s de cuatro horas esperando ser atendidos. La aglomeraci\u00f3n de personas enfermas tambi\u00e9n provoca riesgo de contagio para familiares que deben acompa\u00f1ar a los pacientes.<\/p>\n\n\n\n<p class=\"wp-block-paragraph\">Con sillas plegables, cobijas o mantas, algunos se formaron en las afueras del hospital del IMSS de la avenida Cob\u00e1 desde las 5:30 de la ma\u00f1ana.<\/p>\n\n\n\n<p class=\"wp-block-paragraph\">Hasta el momento el incremento sostenido en el n\u00famero de contagios&nbsp;<strong>no se ha traducido en una alta hospitalizaci\u00f3n<\/strong>, pues el promedio del estado es de cinco por ciento, seg\u00fan el informe de la Secretar\u00eda de Salud.<\/p>\n\n\n\n<p class=\"wp-block-paragraph\">El gobernador del estado, Carlos Joaqu\u00edn Gonz\u00e1lez, dijo que menos del uno por ciento de las camas hospitalarias ocupadas han requerido ventilador y solamente hay una persona intubada.<\/p>\n\n\n\n<p class=\"wp-block-paragraph\">Entre el&nbsp;<strong>6 y 7 de enero se reportaron 602 nuevos contagios<\/strong>. En total, el estado suma cinco mil 339 casos activos, de los cuales cinco mil 246 est\u00e1n en resguardo y 93 en hospitalizaci\u00f3n.<\/p>\n\n\n\n<p class=\"wp-block-paragraph\">\n\nEntre el 31 de diciembre y el 7 de enero se reportan cuatro defunciones por Covid-19, sumando un total de cuatro mil 105 desde que comenz\u00f3 la pandemia.\n\n<\/p>\n\n\n\n<p class=\"wp-block-paragraph\">Por Alejandro Castro<\/p>\n\n\n\n<p class=\"wp-block-paragraph\">fuente: https:\/\/sipse.com\/novedades\/imss-issste-cancun-rebasados-tramite-incapacidad-covid-415974.html<\/p>\n","protected":false},"excerpt":{"rendered":"<p>Decenas de derechohabientes pasan horas haciendo filas para conseguir el documento. Las \u00e1reas de atenci\u00f3n de las instituciones de seguridad social para&nbsp;consulta y tr\u00e1mite de incapacidad&nbsp;en Canc\u00fan est\u00e1n saturadas ante el disparo en el&nbsp;n\u00famero de contagios de Covid-19&nbsp;en Quintana Roo. Tras la eliminaci\u00f3n de los tr\u00e1mites digitales de incapacidad, los derechohabientes del Instituto Mexicano del [&hellip;]<\/p>\n","protected":false},"author":2,"featured_media":100871,"comment_status":"open","ping_status":"open","sticky":false,"template":"","format":"standard","meta":{"footnotes":""},"categories":[64],"tags":[],"class_list":["post-100868","post","type-post","status-publish","format-standard","has-post-thumbnail","hentry","category-varios"],"_links":{"self":[{"href":"http:\/\/elcuartopoder.com.mx\/nw\/wp-json\/wp\/v2\/posts\/100868","targetHints":{"allow":["GET"]}}],"collection":[{"href":"http:\/\/elcuartopoder.com.mx\/nw\/wp-json\/wp\/v2\/posts"}],"about":[{"href":"http:\/\/elcuartopoder.com.mx\/nw\/wp-json\/wp\/v2\/types\/post"}],"author":[{"embeddable":true,"href":"http:\/\/elcuartopoder.com.mx\/nw\/wp-json\/wp\/v2\/users\/2"}],"replies":[{"embeddable":true,"href":"http:\/\/elcuartopoder.com.mx\/nw\/wp-json\/wp\/v2\/comments?post=100868"}],"version-history":[{"count":1,"href":"http:\/\/elcuartopoder.com.mx\/nw\/wp-json\/wp\/v2\/posts\/100868\/revisions"}],"predecessor-version":[{"id":100872,"href":"http:\/\/elcuartopoder.com.mx\/nw\/wp-json\/wp\/v2\/posts\/100868\/revisions\/100872"}],"wp:featuredmedia":[{"embeddable":true,"href":"http:\/\/elcuartopoder.com.mx\/nw\/wp-json\/wp\/v2\/media\/100871"}],"wp:attachment":[{"href":"http:\/\/elcuartopoder.com.mx\/nw\/wp-json\/wp\/v2\/media?parent=100868"}],"wp:term":[{"taxonomy":"category","embeddable":true,"href":"http:\/\/elcuartopoder.com.mx\/nw\/wp-json\/wp\/v2\/categories?post=100868"},{"taxonomy":"post_tag","embeddable":true,"href":"http:\/\/elcuartopoder.com.mx\/nw\/wp-json\/wp\/v2\/tags?post=100868"}],"curies":[{"name":"wp","href":"https:\/\/api.w.org\/{rel}","templated":true}]}}