{"id":101097,"date":"2022-01-14T11:13:28","date_gmt":"2022-01-14T16:13:28","guid":{"rendered":"http:\/\/elcuartopoder.com.mx\/nw\/?p=101097"},"modified":"2022-01-14T11:13:30","modified_gmt":"2022-01-14T16:13:30","slug":"ataque-en-las-inmediaciones-de-la-zona-arqueologica-de-tulum-una-persona-muerta-y-un-menor-herido-de-bala-en-el-poligono-del-parque-nacional","status":"publish","type":"post","link":"http:\/\/elcuartopoder.com.mx\/nw\/municipales\/ataque-en-las-inmediaciones-de-la-zona-arqueologica-de-tulum-una-persona-muerta-y-un-menor-herido-de-bala-en-el-poligono-del-parque-nacional\/","title":{"rendered":"ATAQUE EN LAS INMEDIACIONES DE LA ZONA ARQUEOL\u00d3GICA DE TULUM: Una persona muerta y un menor herido de bala en el pol\u00edgono del Parque Nacional"},"content":{"rendered":"\n<p><strong>TULUM, MX.-&nbsp;<\/strong>Un ataque a balazos se registr\u00f3 la tarde de este jueves en el acceso sur de la zona arqueol\u00f3gica de Tulum que colinda con los hoteles que se encuentran en el pol\u00edgono del Parque Nacional Tulum, con saldo de una persona muerta y un menor herido.<\/p>\n\n\n\n<div class=\"wp-block-image\"><figure class=\"aligncenter\"><img decoding=\"async\" src=\"https:\/\/noticaribe.com.mx\/wp\/wp-content\/uploads\/2022\/01\/Ejecutan11.jpeg\" alt=\"\" class=\"wp-image-527847\"\/><\/figure><\/div>\n\n\n\n<p>De acuerdo con informaci\u00f3n preliminar, alrededor de las 14:00 se registr\u00f3 el ataque que cost\u00f3 la vida a una persona.<\/p>\n\n\n\n<p>La v\u00edctima estaba en el acceso sur de esta zona arqueol\u00f3gica, aquel que da a las playas p\u00fablicas del lugar, cuando fue abordado por dos hombres, descritos como robustos y con playeras verdes, quienes dispararon varias veces en su contra, sin mediar palabra.<\/p>\n\n\n\n<p>Uno de los disparos hirieron a otra persona, al parecer un ni\u00f1o de 11 o 12 a\u00f1os de edad, que estaba en la zona como turista.<\/p>\n\n\n\n<p>Al lugar llegaron elementos de la Guardia Nacional, as\u00ed como param\u00e9dicos que confimaron el deceso de esta v\u00edctima y que retiraron a la persona herida.<\/p>\n\n\n\n<p>Se desconoce la identidad de las v\u00edctimas.<\/p>\n\n\n\n<div class=\"wp-block-image\"><figure class=\"aligncenter\"><img decoding=\"async\" src=\"https:\/\/noticaribe.com.mx\/wp\/wp-content\/uploads\/2022\/01\/Ejecutan22.jpeg\" alt=\"\" class=\"wp-image-527846\"\/><\/figure><\/div>\n\n\n\n<p>Lucio Hern\u00e1ndez Guti\u00e9rrez, secretario de Seguridad P\u00fablica, en sus redes sociales, confirm\u00f3 el ataque con un breve mensaje en el que no aport\u00f3 m\u00e1s datos.<\/p>\n\n\n\n<div class=\"wp-block-image\"><figure class=\"aligncenter\"><img decoding=\"async\" src=\"https:\/\/noticaribe.com.mx\/wp\/wp-content\/uploads\/2022\/01\/FJAk9LoWYAIGKjH.jpg\" alt=\"\" class=\"wp-image-527845\"\/><\/figure><\/div>\n\n\n\n<p>\u201cLa #PoliciaQuintanaRoo y las autoridades que integran el Grupo de Coordinaci\u00f3n, abocados sobre los responsables de los hechos suscitados esta tarde en las inmediaciones de la zona arqueol\u00f3gica de Tulum, cualquier informaci\u00f3n adicional sobre \u00e9stos, ser\u00eda clave para su detenci\u00f3n\u201d, escribi\u00f3.<\/p>\n\n\n\n<p>Tulum es desde hace varios meses escenario de incidentes violentos que provocaron incluso que el gobierno federal desplegar\u00e1 un cuerpo de \u00e9lite especializado en labores de inteligencia para frenar a los grupos de la delincuencia organizada.<\/p>\n\n\n\n<p>El 1 de diciembre, elementos del Batall\u00f3n de Seguridad Tur\u00edstica de la Guardia Nacional comenzaron los primeros patrullajes en la zona hotelera de Canc\u00fan y posteriormente lo hicieron en los destinos de playa del corredor Tulum-Riviera Maya.<\/p>\n\n\n\n<p>Este cuerpo especializado cuenta con la participaci\u00f3n de mil 445 integrantes de la Guardia Nacional y atender\u00e1 de manera prioritaria Benito Ju\u00e1rez, Solidaridad y Tulum, tres de los municipios de Quintana Roo que concentran m\u00e1s delito.<\/p>\n\n\n\n<p><strong>Fuente:<\/strong> Noticaribe<\/p>\n","protected":false},"excerpt":{"rendered":"<p>TULUM, MX.-&nbsp;Un ataque a balazos se registr\u00f3 la tarde de este jueves en el acceso sur de la zona arqueol\u00f3gica de Tulum que colinda con los hoteles que se encuentran en el pol\u00edgono del Parque Nacional Tulum, con saldo de una persona muerta y un menor herido. De acuerdo con informaci\u00f3n preliminar, alrededor de las [&hellip;]<\/p>\n","protected":false},"author":2,"featured_media":101098,"comment_status":"open","ping_status":"open","sticky":false,"template":"","format":"standard","meta":{"footnotes":""},"categories":[6],"tags":[],"class_list":["post-101097","post","type-post","status-publish","format-standard","has-post-thumbnail","hentry","category-municipales"],"_links":{"self":[{"href":"http:\/\/elcuartopoder.com.mx\/nw\/wp-json\/wp\/v2\/posts\/101097","targetHints":{"allow":["GET"]}}],"collection":[{"href":"http:\/\/elcuartopoder.com.mx\/nw\/wp-json\/wp\/v2\/posts"}],"about":[{"href":"http:\/\/elcuartopoder.com.mx\/nw\/wp-json\/wp\/v2\/types\/post"}],"author":[{"embeddable":true,"href":"http:\/\/elcuartopoder.com.mx\/nw\/wp-json\/wp\/v2\/users\/2"}],"replies":[{"embeddable":true,"href":"http:\/\/elcuartopoder.com.mx\/nw\/wp-json\/wp\/v2\/comments?post=101097"}],"version-history":[{"count":1,"href":"http:\/\/elcuartopoder.com.mx\/nw\/wp-json\/wp\/v2\/posts\/101097\/revisions"}],"predecessor-version":[{"id":101099,"href":"http:\/\/elcuartopoder.com.mx\/nw\/wp-json\/wp\/v2\/posts\/101097\/revisions\/101099"}],"wp:featuredmedia":[{"embeddable":true,"href":"http:\/\/elcuartopoder.com.mx\/nw\/wp-json\/wp\/v2\/media\/101098"}],"wp:attachment":[{"href":"http:\/\/elcuartopoder.com.mx\/nw\/wp-json\/wp\/v2\/media?parent=101097"}],"wp:term":[{"taxonomy":"category","embeddable":true,"href":"http:\/\/elcuartopoder.com.mx\/nw\/wp-json\/wp\/v2\/categories?post=101097"},{"taxonomy":"post_tag","embeddable":true,"href":"http:\/\/elcuartopoder.com.mx\/nw\/wp-json\/wp\/v2\/tags?post=101097"}],"curies":[{"name":"wp","href":"https:\/\/api.w.org\/{rel}","templated":true}]}}