{"id":101121,"date":"2022-01-14T14:35:21","date_gmt":"2022-01-14T19:35:21","guid":{"rendered":"http:\/\/elcuartopoder.com.mx\/nw\/?p=101121"},"modified":"2022-01-14T14:35:23","modified_gmt":"2022-01-14T19:35:23","slug":"juez-aprueba-demanda-por-abuso-en-contra-del-principe-andres","status":"publish","type":"post","link":"http:\/\/elcuartopoder.com.mx\/nw\/internacionales\/juez-aprueba-demanda-por-abuso-en-contra-del-principe-andres\/","title":{"rendered":"Juez aprueba demanda por abuso en contra del pr\u00edncipe Andr\u00e9s"},"content":{"rendered":"\n<p> El juez federal de distrito Lewis A. Kaplan escribi\u00f3 en una opini\u00f3n que los abogados de Andr\u00e9s no lograron impugnar con \u00e9xito la constitucionalidad de la demanda <\/p>\n\n\n\n<p>Despu\u00e9s de un intento fallido por parte del&nbsp;<strong>pr\u00edncipe Andr\u00e9s<\/strong>&nbsp;sobre querer bloquear el avance de la demanda presentada en su contra, bajo los argumentos de que la agraviada ya no reside en Estados Unidos. Un juez dio aprob\u00f3 el mi\u00e9rcoles a una demanda contra el pr\u00edncipe por parte de una mujer estadounidense que dice que&nbsp;<strong>abus\u00f3 sexualmente<\/strong>&nbsp;de ella cuando ten\u00eda 17 a\u00f1os.<\/p>\n\n\n\n<p>El juez federal de distrito Lewis A. Kaplan escribi\u00f3 en una opini\u00f3n que los abogados de Andr\u00e9s no lograron impugnar con \u00e9xito la constitucionalidad de la demanda que\u00a0<strong>Virginia Giuffre<\/strong>\u00a0present\u00f3 en su contra en agosto.<\/p>\n\n\n\n<figure class=\"wp-block-image\"><img loading=\"lazy\" decoding=\"async\" width=\"545\" height=\"709\" src=\"http:\/\/elcuartopoder.com.mx\/nw\/wp-content\/uploads\/2022\/01\/sandrozzi.png\" alt=\"\" class=\"wp-image-101124\" srcset=\"http:\/\/elcuartopoder.com.mx\/nw\/wp-content\/uploads\/2022\/01\/sandrozzi.png 545w, http:\/\/elcuartopoder.com.mx\/nw\/wp-content\/uploads\/2022\/01\/sandrozzi-231x300.png 231w\" sizes=\"auto, (max-width: 545px) 100vw, 545px\" \/><\/figure>\n\n\n\n<p>Cabe resaltar que los abogados de Giuffre con anterioridad hab\u00edan hecho llegar de muchas formas la demanda a Andr\u00e9s, aunque nunca se la entregaron directamente en sus manos. En un momento, el tribunal superior de Gran Breta\u00f1a acept\u00f3 una solicitud de los abogados de Giuffre para contactar formalmente al pr\u00edncipe sobre la demanda.&nbsp;<\/p>\n\n\n\n<p>Sus abogados hab\u00edan dicho que la demanda carec\u00eda de\u00a0<strong>especificidad y fue descalificada<\/strong>\u00a0por un acuerdo al que lleg\u00f3 en 2009 con los abogados de Jeffrey Epstein.<\/p>\n\n\n\n<p> Ese acuerdo de una demanda se alcanz\u00f3 una d\u00e9cada antes de que Epstein se suicidara en una c\u00e1rcel en Manhattan mientras esperaba un\u00a0<strong>juicio por tr\u00e1fico sexual.<\/strong><\/p>\n\n\n\n<p> El Palacio de Buckingham no respondi\u00f3 de inmediato a una solicitud de declaraciones. <\/p>\n\n\n\n<p>POR: ASSOCIATED PRESS<\/p>\n\n\n\n<p>fuente: https:\/\/sipse.com\/mundo\/juez-aprueba-demanda-por-abuso-en-contra-del-principe-andres-416280.html<\/p>\n","protected":false},"excerpt":{"rendered":"<p>El juez federal de distrito Lewis A. Kaplan escribi\u00f3 en una opini\u00f3n que los abogados de Andr\u00e9s no lograron impugnar con \u00e9xito la constitucionalidad de la demanda Despu\u00e9s de un intento fallido por parte del&nbsp;pr\u00edncipe Andr\u00e9s&nbsp;sobre querer bloquear el avance de la demanda presentada en su contra, bajo los argumentos de que la agraviada ya [&hellip;]<\/p>\n","protected":false},"author":2,"featured_media":101123,"comment_status":"open","ping_status":"open","sticky":false,"template":"","format":"standard","meta":{"footnotes":""},"categories":[8],"tags":[],"class_list":["post-101121","post","type-post","status-publish","format-standard","has-post-thumbnail","hentry","category-internacionales"],"_links":{"self":[{"href":"http:\/\/elcuartopoder.com.mx\/nw\/wp-json\/wp\/v2\/posts\/101121","targetHints":{"allow":["GET"]}}],"collection":[{"href":"http:\/\/elcuartopoder.com.mx\/nw\/wp-json\/wp\/v2\/posts"}],"about":[{"href":"http:\/\/elcuartopoder.com.mx\/nw\/wp-json\/wp\/v2\/types\/post"}],"author":[{"embeddable":true,"href":"http:\/\/elcuartopoder.com.mx\/nw\/wp-json\/wp\/v2\/users\/2"}],"replies":[{"embeddable":true,"href":"http:\/\/elcuartopoder.com.mx\/nw\/wp-json\/wp\/v2\/comments?post=101121"}],"version-history":[{"count":1,"href":"http:\/\/elcuartopoder.com.mx\/nw\/wp-json\/wp\/v2\/posts\/101121\/revisions"}],"predecessor-version":[{"id":101125,"href":"http:\/\/elcuartopoder.com.mx\/nw\/wp-json\/wp\/v2\/posts\/101121\/revisions\/101125"}],"wp:featuredmedia":[{"embeddable":true,"href":"http:\/\/elcuartopoder.com.mx\/nw\/wp-json\/wp\/v2\/media\/101123"}],"wp:attachment":[{"href":"http:\/\/elcuartopoder.com.mx\/nw\/wp-json\/wp\/v2\/media?parent=101121"}],"wp:term":[{"taxonomy":"category","embeddable":true,"href":"http:\/\/elcuartopoder.com.mx\/nw\/wp-json\/wp\/v2\/categories?post=101121"},{"taxonomy":"post_tag","embeddable":true,"href":"http:\/\/elcuartopoder.com.mx\/nw\/wp-json\/wp\/v2\/tags?post=101121"}],"curies":[{"name":"wp","href":"https:\/\/api.w.org\/{rel}","templated":true}]}}