{"id":101131,"date":"2022-01-14T23:45:20","date_gmt":"2022-01-15T04:45:20","guid":{"rendered":"http:\/\/elcuartopoder.com.mx\/nw\/?p=101131"},"modified":"2022-01-14T23:45:22","modified_gmt":"2022-01-15T04:45:22","slug":"alemania-planea-que-vacuna-covid-sea-obligatoria","status":"publish","type":"post","link":"http:\/\/elcuartopoder.com.mx\/nw\/internacionales\/alemania-planea-que-vacuna-covid-sea-obligatoria\/","title":{"rendered":"Alemania planea que vacuna covid sea obligatoria"},"content":{"rendered":"\n<p> Las encuestas muestran que la mayor\u00eda de las personas en el pa\u00eds respaldan la vacunaci\u00f3n obligatoria contra el COVID-19, pero una minor\u00eda vociferante se opone a la idea. <\/p>\n\n\n\n<p>El presidente de Alemania Frank-Walter Steinmeier sugiri\u00f3 el mi\u00e9rcoles un debate exhaustivo sobre los planes de vacunaci\u00f3n obligatoria contra el coronavirus en el pa\u00eds, asegurando que una medida tan dr\u00e1stica debe justificarse a fondo.Las encuestas muestran que la mayor\u00eda de las personas en Alemania respaldan la vacunaci\u00f3n obligatoria contra el COVID-19, pero una minor\u00eda vociferante se opone a la idea.<\/p>\n\n\n\n<p>El funcionario habl\u00f3 luego de que el canciller Olaf Scholz ha respaldado los llamados a una inoculaci\u00f3n obligatoria. Se espera que los legisladores comiencen a debatir un proyecto de ley a finales de este mes.<\/p>\n\n\n\n<p>\u201cLa situaci\u00f3n excepcional de una pandemia aumenta la presi\u00f3n para que el Estado act\u00fae, pero no reemplaza el requisito de sopesar argumentos y equilibrar intereses\u201d, opin\u00f3 el presidente Frank-Walter Steinmeier al comienzo de una mesa redonda con ciudadanos sobre el asunto.<\/p>\n\n\n\n<blockquote class=\"wp-block-quote is-layout-flow wp-block-quote-is-layout-flow\"><p>\u201cUna orden de vacunarse significa un debate obligatorio\u201d, agreg\u00f3.<\/p><\/blockquote>\n\n\n\n<p>Los presidentes en Alemania tienen un papel en gran medida ceremonial y Steinmeier dijo que no tomar\u00eda partido en el debate. Inst\u00f3 a los involucrados a tener&nbsp;<strong>\u201crespeto por otras posiciones<\/strong>, pero tambi\u00e9n respeto por los hechos y la raz\u00f3n, que deben ser y seguir siendo nuestra moneda com\u00fan\u201d.<\/p>\n\n\n\n<p>Se\u00f1al\u00f3 que \u00abcarecen de sentido las afirmaciones de que la pandemia de coronavirus ha convertido a Alemania en una dictadura\u201d, afirmando que tales acusaciones desprecian las instituciones democr\u00e1ticas y el Estado de Derecho.<\/p>\n\n\n\n<p> Se calcula que alrededor del\u00a0<strong>72,2% de los alemanes<\/strong>\u00a0est\u00e1n totalmente vacunados y que al menos el 44,2% ha recibido un refuerzo. <\/p>\n\n\n\n<p>Por: ASSOCIATED PRESS<\/p>\n\n\n\n<p>Fuente: https:\/\/sipse.com\/mundo\/alemania-planea-que-vacuna-covid-sea-obligatoria-416289.html<\/p>\n","protected":false},"excerpt":{"rendered":"<p>Las encuestas muestran que la mayor\u00eda de las personas en el pa\u00eds respaldan la vacunaci\u00f3n obligatoria contra el COVID-19, pero una minor\u00eda vociferante se opone a la idea. El presidente de Alemania Frank-Walter Steinmeier sugiri\u00f3 el mi\u00e9rcoles un debate exhaustivo sobre los planes de vacunaci\u00f3n obligatoria contra el coronavirus en el pa\u00eds, asegurando que una [&hellip;]<\/p>\n","protected":false},"author":2,"featured_media":101132,"comment_status":"open","ping_status":"open","sticky":false,"template":"","format":"standard","meta":{"footnotes":""},"categories":[8],"tags":[],"class_list":["post-101131","post","type-post","status-publish","format-standard","has-post-thumbnail","hentry","category-internacionales"],"_links":{"self":[{"href":"http:\/\/elcuartopoder.com.mx\/nw\/wp-json\/wp\/v2\/posts\/101131","targetHints":{"allow":["GET"]}}],"collection":[{"href":"http:\/\/elcuartopoder.com.mx\/nw\/wp-json\/wp\/v2\/posts"}],"about":[{"href":"http:\/\/elcuartopoder.com.mx\/nw\/wp-json\/wp\/v2\/types\/post"}],"author":[{"embeddable":true,"href":"http:\/\/elcuartopoder.com.mx\/nw\/wp-json\/wp\/v2\/users\/2"}],"replies":[{"embeddable":true,"href":"http:\/\/elcuartopoder.com.mx\/nw\/wp-json\/wp\/v2\/comments?post=101131"}],"version-history":[{"count":1,"href":"http:\/\/elcuartopoder.com.mx\/nw\/wp-json\/wp\/v2\/posts\/101131\/revisions"}],"predecessor-version":[{"id":101133,"href":"http:\/\/elcuartopoder.com.mx\/nw\/wp-json\/wp\/v2\/posts\/101131\/revisions\/101133"}],"wp:featuredmedia":[{"embeddable":true,"href":"http:\/\/elcuartopoder.com.mx\/nw\/wp-json\/wp\/v2\/media\/101132"}],"wp:attachment":[{"href":"http:\/\/elcuartopoder.com.mx\/nw\/wp-json\/wp\/v2\/media?parent=101131"}],"wp:term":[{"taxonomy":"category","embeddable":true,"href":"http:\/\/elcuartopoder.com.mx\/nw\/wp-json\/wp\/v2\/categories?post=101131"},{"taxonomy":"post_tag","embeddable":true,"href":"http:\/\/elcuartopoder.com.mx\/nw\/wp-json\/wp\/v2\/tags?post=101131"}],"curies":[{"name":"wp","href":"https:\/\/api.w.org\/{rel}","templated":true}]}}