{"id":101166,"date":"2022-01-15T19:23:53","date_gmt":"2022-01-16T00:23:53","guid":{"rendered":"http:\/\/elcuartopoder.com.mx\/nw\/?p=101166"},"modified":"2022-01-15T19:23:54","modified_gmt":"2022-01-16T00:23:54","slug":"bernard-tomic-acierta-en-su-insolito-pronostico-positivo-por-coronavirus","status":"publish","type":"post","link":"http:\/\/elcuartopoder.com.mx\/nw\/entretenimiento\/deportes\/bernard-tomic-acierta-en-su-insolito-pronostico-positivo-por-coronavirus\/","title":{"rendered":"Bernard Tomic acierta en su ins\u00f3lito pron\u00f3stico: positivo por coronavirus"},"content":{"rendered":"\n<h2 class=\"wp-block-heading\">Durante su partido de la ronda previa se encontr\u00f3 mal y apost\u00f3 con la juez de silla que estaba contagiado<\/h2>\n\n\n\n<p>En plena tormenta por el caso Djokovic,\u00a0<strong>Bernard Tomic\u00a0<\/strong>se convirti\u00f3 en protagonista de la actualidad de tenis y coronavirus en Australia el pasado martes. El jugador local sorprendi\u00f3 con unas palabras en pleno partido de la fase de clasificaci\u00f3n del Abierto de Australia en las que le aseguraba a la juez de silla que se encontraba mal y que estaba convencido de que era Covid.<\/p>\n\n\n\n<p>Durante el choque contra el ruso Roman Safiullin, a cuyas manos cay\u00f3 por 6-1 y 6-4, el australiano se mostr\u00f3 fatigado e incluso por momentos mareado. En ese escenario y cuando el marcador estaba 2-1 abajo para \u00e9l en el segundo set Tomic apost\u00f3 con la juez de silla: \u00ab<strong>Estoy convencido de que tengo Covid.<\/strong><\/p>\n\n\n\n<p><strong>Seguro que en los pr\u00f3ximos dos d\u00edas dar\u00e9 positivo<\/strong>, te lo aseguro. Te invitar\u00e9 a cenar si no doy positivo en tres d\u00edas. De lo contrario, t\u00fa me invitas a cenar\u00bb. <\/p>\n\n\n\n<p>El jugador de 29 a\u00f1os carg\u00f3 al mismo tiempo contra los protocolos anticovid del torneo: \u00abNo puedo creer que nadie se est\u00e9 haciendo la prueba. Est\u00e1n permitiendo que los jugadores entren a la cancha con pruebas r\u00e1pidas en su habitaci\u00f3n&#8230; vamos.&nbsp;<strong>No hay pruebas oficiales de PCR<\/strong>\u00bb, lament\u00f3 sobre los protocolos sanitarios del Abierto de Australia.<\/p>\n\n\n\n<p>Con el partido conclu\u00eddo, Tomic no compareci\u00f3 ante la prensa pero confes\u00f3 a trav\u00e9s de las redes sociales que le hab\u00edan solicitado que se aislara: \u00ab<strong>Sinti\u00e9ndome realmente enfermo, ahora estoy de vuelta en mi habitaci\u00f3n de hotel<\/strong>. Acabo de hablar con los m\u00e9dicos en el lugar y me pidieron que me aislara. Todav\u00eda no pod\u00edan tratarme para evitar el contacto\u00bb.<\/p>\n\n\n\n<p>Hoy, dos d\u00edas despu\u00e9s,&nbsp;<strong>la apuesta de Tomic tiene ganador<\/strong>. Como el australiano aventuraba,&nbsp;<strong>ha dado positivo&nbsp;<\/strong>por coronavirus. El tenista se encuentra aislado y con fuertes s\u00edntomas.<\/p>\n\n\n\n<p>Una noticia que obligar\u00e1 a someter a pruebas PCR a todos los jugadores y personal que estuvieron en contacto con el australiano durante su participaci\u00f3n en el torneo.<\/p>\n\n\n\n<p>fuente: https:\/\/www.abc.es\/deportes\/tenis\/abci-bernard-tomic-acierta-insolito-pronostico-positivo-coronavirus-202201130940_noticia.html<\/p>\n","protected":false},"excerpt":{"rendered":"<p>Durante su partido de la ronda previa se encontr\u00f3 mal y apost\u00f3 con la juez de silla que estaba contagiado En plena tormenta por el caso Djokovic,\u00a0Bernard Tomic\u00a0se convirti\u00f3 en protagonista de la actualidad de tenis y coronavirus en Australia el pasado martes. El jugador local sorprendi\u00f3 con unas palabras en pleno partido de la [&hellip;]<\/p>\n","protected":false},"author":2,"featured_media":101167,"comment_status":"open","ping_status":"open","sticky":false,"template":"","format":"standard","meta":{"footnotes":""},"categories":[7],"tags":[],"class_list":["post-101166","post","type-post","status-publish","format-standard","has-post-thumbnail","hentry","category-deportes"],"_links":{"self":[{"href":"http:\/\/elcuartopoder.com.mx\/nw\/wp-json\/wp\/v2\/posts\/101166","targetHints":{"allow":["GET"]}}],"collection":[{"href":"http:\/\/elcuartopoder.com.mx\/nw\/wp-json\/wp\/v2\/posts"}],"about":[{"href":"http:\/\/elcuartopoder.com.mx\/nw\/wp-json\/wp\/v2\/types\/post"}],"author":[{"embeddable":true,"href":"http:\/\/elcuartopoder.com.mx\/nw\/wp-json\/wp\/v2\/users\/2"}],"replies":[{"embeddable":true,"href":"http:\/\/elcuartopoder.com.mx\/nw\/wp-json\/wp\/v2\/comments?post=101166"}],"version-history":[{"count":1,"href":"http:\/\/elcuartopoder.com.mx\/nw\/wp-json\/wp\/v2\/posts\/101166\/revisions"}],"predecessor-version":[{"id":101168,"href":"http:\/\/elcuartopoder.com.mx\/nw\/wp-json\/wp\/v2\/posts\/101166\/revisions\/101168"}],"wp:featuredmedia":[{"embeddable":true,"href":"http:\/\/elcuartopoder.com.mx\/nw\/wp-json\/wp\/v2\/media\/101167"}],"wp:attachment":[{"href":"http:\/\/elcuartopoder.com.mx\/nw\/wp-json\/wp\/v2\/media?parent=101166"}],"wp:term":[{"taxonomy":"category","embeddable":true,"href":"http:\/\/elcuartopoder.com.mx\/nw\/wp-json\/wp\/v2\/categories?post=101166"},{"taxonomy":"post_tag","embeddable":true,"href":"http:\/\/elcuartopoder.com.mx\/nw\/wp-json\/wp\/v2\/tags?post=101166"}],"curies":[{"name":"wp","href":"https:\/\/api.w.org\/{rel}","templated":true}]}}