{"id":101169,"date":"2022-01-15T19:30:14","date_gmt":"2022-01-16T00:30:14","guid":{"rendered":"http:\/\/elcuartopoder.com.mx\/nw\/?p=101169"},"modified":"2022-01-15T19:31:26","modified_gmt":"2022-01-16T00:31:26","slug":"cuanto-tiempo-tardan-en-aparecer-los-sintomas-de-omicron","status":"publish","type":"post","link":"http:\/\/elcuartopoder.com.mx\/nw\/destacadas\/cuanto-tiempo-tardan-en-aparecer-los-sintomas-de-omicron\/","title":{"rendered":"Cu\u00e1nto tiempo tardan en aparecer los s\u00edntomas de \u00d3micron"},"content":{"rendered":"\n<h2 class=\"wp-block-heading\">El tiempo de incubaci\u00f3n de la enfermedad del SARS-CoV-2 con la variante \u00d3micron se ha reducido considerablemente en comparaci\u00f3n con otras cepas del virus<\/h2>\n\n\n\n<p>Seg\u00fan los \u00faltimos datos proporcionados por el Ministerio de Sanidad, el pasado 11 de enero se diagnosticaron en nuestro pa\u00eds un total de<strong>&nbsp;79.601 casos nuevos de coronavirus<\/strong>. El incremento que se ha experimentado en las \u00faltimas semanas, no solo en Espa\u00f1a, sino en gran parte de Europa, se debe principalmente a la r\u00e1pida expansi\u00f3n de la nueva variante descubierta en Sud\u00e1frica:&nbsp;<a href=\"https:\/\/www.abc.es\/sociedad\/abci-mas-mitad-europeos-contagiaran-omicron-proximas-semanas-apunta-202201111148_noticia.html\">\u00d3micron<\/a>.<\/p>\n\n\n\n<p>La nueva cepa del SARS-CoV-2 presenta un total de&nbsp;<a href=\"https:\/\/www.abc.es\/sociedad\/abci-coronavirus-ciencia-sabe-ahora-omicron-202111270237_noticia.html\">32 mutaciones<\/a>, la mayor\u00eda de ellas localizadas en la prote\u00edna que permite al virus penetrar en las c\u00e9lulas humanas para infectarnos. Sin embargo, a pesar de que los n\u00fameros de contagios alcancen cada d\u00eda nuevos r\u00e9cords, lo cierto es que parece que&nbsp;<strong>la nueva enfermedad es algo m\u00e1s leve<\/strong>&nbsp;y el n\u00famero de hospitalizaciones y muertes no crece a un ritmo tan alarmante.<\/p>\n\n\n\n<p>Los&nbsp;<a href=\"https:\/\/www.abc.es\/sociedad\/abci-estos-sintomas-variante-omicron-segun-doctora-descubrio-sudafrica-202111291256_noticia.html\">s\u00edntomas causados por \u00d3micron&nbsp;<\/a>son muy similares a los de un resfriado o una gripe com\u00fan: fiebre, dolor de cabeza y de garganta, tos y mucosidad.<\/p>\n\n\n\n<h3 class=\"wp-block-heading\">Un tiempo menor de incubaci\u00f3n<\/h3>\n\n\n\n<p>El&nbsp;<strong>per\u00edodo de incubaci\u00f3n&nbsp;<\/strong>es el plazo de tiempo que transcurre desde que un individuo se infecta, se contagia, y aparecen los&nbsp;<a href=\"https:\/\/www.abc.es\/sociedad\/abci-primer-sintoma-alerta-puedes-estar-contagiado-variante-omicron-nsv-202201051226_noticia.html\">primeros s\u00edntomas&nbsp;<\/a>de la enfermedad.<\/p>\n\n\n\n<p>Hasta el momento, las autoridades sanitarias indicaban que, de media, los primeros signos del&nbsp;<strong>Covid-19<\/strong>&nbsp;aparec\u00edan unos cinco o seis d\u00edas despu\u00e9s de haber estado en contacto por primera vez con el virus, aunque este periodo pod\u00eda alargarse hasta dos semanas.<\/p>\n\n\n\n<p>Sin embargo, la nueva variante podr\u00eda haber<strong>&nbsp;reducido ese periodo de incubaci\u00f3n<\/strong>. De hecho, un estudio publicado por el European Centre for Disease Prevention and Control (ECDC) y llevado a cabo por el&nbsp;<strong>Instituto Noruego de Salud P\u00fablica (NIPH)<\/strong>&nbsp;tras un contagio masivo producido en una fiesta de Navidad en Oslo parece demostrarlo.<\/p>\n\n\n\n<p>Como indican, suponiendo que la exposici\u00f3n se produjera en la fiesta, el per\u00edodo de incubaci\u00f3n de los casos sintom\u00e1ticos oscil\u00f3 entre 0 y 8 d\u00edas, con una mediana de&nbsp;<strong>3 d\u00edas<\/strong>. El estudio cont\u00f3 con 81 personas que se contagiaron con la&nbsp;<strong>viariante \u00d3micron&nbsp;<\/strong>en ese evento, al cual asistieron un total de 117 personas.<\/p>\n\n\n\n<p>Seg\u00fan se indica en la publicaci\u00f3n, este periodo de incubaci\u00f3n es&nbsp;<strong>corto en comparaci\u00f3n con informes anteriores&nbsp;<\/strong>para Delta y otras variantes del SARS-CoV-2 que circularon con anterioridad.<\/p>\n\n\n\n<p>fuente: https:\/\/www.abc.es\/sociedad\/abci-cuanto-tiempo-tardan-aparecer-sintomas-omicron-nsv-202201121228_noticia.html#vca=mod-lo-mas-p1&amp;vmc=leido&amp;vso=abc-es&amp;vli=portada.portada&amp;vtm_loMas=si<\/p>\n","protected":false},"excerpt":{"rendered":"<p>El tiempo de incubaci\u00f3n de la enfermedad del SARS-CoV-2 con la variante \u00d3micron se ha reducido considerablemente en comparaci\u00f3n con otras cepas del virus Seg\u00fan los \u00faltimos datos proporcionados por el Ministerio de Sanidad, el pasado 11 de enero se diagnosticaron en nuestro pa\u00eds un total de&nbsp;79.601 casos nuevos de coronavirus. El incremento que se [&hellip;]<\/p>\n","protected":false},"author":2,"featured_media":101170,"comment_status":"open","ping_status":"open","sticky":false,"template":"","format":"standard","meta":{"footnotes":""},"categories":[59],"tags":[],"class_list":["post-101169","post","type-post","status-publish","format-standard","has-post-thumbnail","hentry","category-destacadas"],"_links":{"self":[{"href":"http:\/\/elcuartopoder.com.mx\/nw\/wp-json\/wp\/v2\/posts\/101169","targetHints":{"allow":["GET"]}}],"collection":[{"href":"http:\/\/elcuartopoder.com.mx\/nw\/wp-json\/wp\/v2\/posts"}],"about":[{"href":"http:\/\/elcuartopoder.com.mx\/nw\/wp-json\/wp\/v2\/types\/post"}],"author":[{"embeddable":true,"href":"http:\/\/elcuartopoder.com.mx\/nw\/wp-json\/wp\/v2\/users\/2"}],"replies":[{"embeddable":true,"href":"http:\/\/elcuartopoder.com.mx\/nw\/wp-json\/wp\/v2\/comments?post=101169"}],"version-history":[{"count":2,"href":"http:\/\/elcuartopoder.com.mx\/nw\/wp-json\/wp\/v2\/posts\/101169\/revisions"}],"predecessor-version":[{"id":101172,"href":"http:\/\/elcuartopoder.com.mx\/nw\/wp-json\/wp\/v2\/posts\/101169\/revisions\/101172"}],"wp:featuredmedia":[{"embeddable":true,"href":"http:\/\/elcuartopoder.com.mx\/nw\/wp-json\/wp\/v2\/media\/101170"}],"wp:attachment":[{"href":"http:\/\/elcuartopoder.com.mx\/nw\/wp-json\/wp\/v2\/media?parent=101169"}],"wp:term":[{"taxonomy":"category","embeddable":true,"href":"http:\/\/elcuartopoder.com.mx\/nw\/wp-json\/wp\/v2\/categories?post=101169"},{"taxonomy":"post_tag","embeddable":true,"href":"http:\/\/elcuartopoder.com.mx\/nw\/wp-json\/wp\/v2\/tags?post=101169"}],"curies":[{"name":"wp","href":"https:\/\/api.w.org\/{rel}","templated":true}]}}