{"id":101413,"date":"2022-01-19T13:57:31","date_gmt":"2022-01-19T18:57:31","guid":{"rendered":"http:\/\/elcuartopoder.com.mx\/nw\/?p=101413"},"modified":"2022-01-19T13:57:33","modified_gmt":"2022-01-19T18:57:33","slug":"anuncia-amlo-que-tren-maya-en-quintana-roo-ya-no-sera-elevado","status":"publish","type":"post","link":"http:\/\/elcuartopoder.com.mx\/nw\/estatales\/anuncia-amlo-que-tren-maya-en-quintana-roo-ya-no-sera-elevado\/","title":{"rendered":"Anuncia AMLO que Tren Maya en Quintana Roo ya no ser\u00e1 elevado"},"content":{"rendered":"\n<h2 class=\"wp-block-heading\">Afirma que debido a costos y afectaciones, la l\u00ednea ir\u00e1 a ras de suelo<\/h2>\n\n\n\n<p>Andr\u00e9s Manuel L\u00f3pez Obrador, presidente de M\u00e9xico, anunci\u00f3 este mi\u00e9rcoles 19 de enero que el Tren Maya en el tramo Canc\u00fan-Tulum ya no ser\u00e1 elevado, por lo que ir\u00e1 a ras de suelo.<\/p>\n\n\n\n<p>\u201cSe nos dificult\u00f3 un poco en el tramo de Canc\u00fan a Tulum, porque hay mucho tr\u00e1fico en esta carretera y estamos buscando no afectar o afectar lo menos posible con la obra\u201d, expres\u00f3 AMLO en la ma\u00f1anera de este mi\u00e9rcoles.<\/p>\n\n\n\n<p>\u201cOriginalmente hab\u00edamos pensado en irnos para arriba, como un segundo piso, pero se nos elevaba el costo, tambi\u00e9n se afectaba y tambi\u00e9n nos consum\u00eda m\u00e1s tiempo, entonces se opt\u00f3 por buscar otro trazo, para irnos abajo, a ras de tierra y que no se afecte la carretera\u201d, expres\u00f3 el presidente.<\/p>\n\n\n\n<p>Asegur\u00f3 que esto les llev\u00f3 a acuerdos con propietarios, quienes \u201ctodos se han portado muy bien, y quiero aprovechar para agradecerles\u201d.<\/p>\n\n\n\n<p>L\u00f3pez Obrador detall\u00f3 que en el tema de las expropiaciones s\u00ed se har\u00e1n, pero \u201cson concertadas con los due\u00f1os de los terrenos\u201d.<\/p>\n\n\n\n<p>Dijo estos empresarios \u201ctienen sus hoteles y en la parte de atr\u00e1s, en los espaldares de la playa\u2026 tienen sus hoteles en 100 hect\u00e1reas, pero tienen 300, entonces el Tren va atr\u00e1s y atraviesa el tren un kil\u00f3metro, hay quienes no est\u00e1n cobrando\u201d.<\/p>\n\n\n\n<p>Andr\u00e9s Manuel dijo que el cambio de Javier May en Fonatur es con la finalidad de avanzar y terminar la obra y sobre todo tener tiempo para operar la obra.<\/p>\n\n\n\n<p>\u201cLo podemos terminar antes de que concluya nuestro gobierno, si as\u00ed lo decide el creador, la ciencia y el pueblo, antes de septiembre, eso sin duda lo terminamos, pero lo que queremos es terminarlo con anticipaci\u00f3n para operarlo, dejarlo operando, no entregarlo 15 d\u00edas antes de que terminemos, sino poder operarlo desde finales del a\u00f1o pr\u00f3ximo, que empiece ya a operar\u201d, expres\u00f3.<\/p>\n\n\n\n<p>Adem\u00e1s se\u00f1al\u00f3 que los trenes se los van a empezar a entregar en julio del a\u00f1o pr\u00f3ximo y a partir de ah\u00ed empiezan a entregar trenes est\u00e1ndares, es decir distintos trenes.<\/p>\n\n\n\n<p>Se\u00f1al\u00f3 que para esto es necesario terminar los circuitos de las v\u00edas y cerrar estos.<\/p>\n\n\n\n<p>Dijo que el Tren Maya se inaugurar\u00e1 a finales del a\u00f1o 2023, por lo que dijo \u201cno podemos fallar\u201d.<\/p>\n\n\n\n<p>AMLO asegur\u00f3 que en los 4 tramos grandes, las 4 empresas est\u00e1n comprometidas a cumplir en tiempo y forma.<\/p>\n\n\n\n<p>Agreg\u00f3 que en el tramo de Canc\u00fan a Tulum habr\u00e1 10 frentes o brigadas encabezadas por ingenieros militares, luego de que se termines la obras del aeropuerto Felipe \u00c1ngeles.<\/p>\n\n\n\n<p>fuente: https:\/\/www.marcrixnoticias.com\/anuncia-amlo-que-tren-maya-en-quintana-roo-ya-no-sera-elevado\/<\/p>\n","protected":false},"excerpt":{"rendered":"<p>Afirma que debido a costos y afectaciones, la l\u00ednea ir\u00e1 a ras de suelo Andr\u00e9s Manuel L\u00f3pez Obrador, presidente de M\u00e9xico, anunci\u00f3 este mi\u00e9rcoles 19 de enero que el Tren Maya en el tramo Canc\u00fan-Tulum ya no ser\u00e1 elevado, por lo que ir\u00e1 a ras de suelo. \u201cSe nos dificult\u00f3 un poco en el tramo [&hellip;]<\/p>\n","protected":false},"author":2,"featured_media":101414,"comment_status":"open","ping_status":"open","sticky":false,"template":"","format":"standard","meta":{"footnotes":""},"categories":[60],"tags":[],"class_list":["post-101413","post","type-post","status-publish","format-standard","has-post-thumbnail","hentry","category-estatales"],"_links":{"self":[{"href":"http:\/\/elcuartopoder.com.mx\/nw\/wp-json\/wp\/v2\/posts\/101413","targetHints":{"allow":["GET"]}}],"collection":[{"href":"http:\/\/elcuartopoder.com.mx\/nw\/wp-json\/wp\/v2\/posts"}],"about":[{"href":"http:\/\/elcuartopoder.com.mx\/nw\/wp-json\/wp\/v2\/types\/post"}],"author":[{"embeddable":true,"href":"http:\/\/elcuartopoder.com.mx\/nw\/wp-json\/wp\/v2\/users\/2"}],"replies":[{"embeddable":true,"href":"http:\/\/elcuartopoder.com.mx\/nw\/wp-json\/wp\/v2\/comments?post=101413"}],"version-history":[{"count":1,"href":"http:\/\/elcuartopoder.com.mx\/nw\/wp-json\/wp\/v2\/posts\/101413\/revisions"}],"predecessor-version":[{"id":101415,"href":"http:\/\/elcuartopoder.com.mx\/nw\/wp-json\/wp\/v2\/posts\/101413\/revisions\/101415"}],"wp:featuredmedia":[{"embeddable":true,"href":"http:\/\/elcuartopoder.com.mx\/nw\/wp-json\/wp\/v2\/media\/101414"}],"wp:attachment":[{"href":"http:\/\/elcuartopoder.com.mx\/nw\/wp-json\/wp\/v2\/media?parent=101413"}],"wp:term":[{"taxonomy":"category","embeddable":true,"href":"http:\/\/elcuartopoder.com.mx\/nw\/wp-json\/wp\/v2\/categories?post=101413"},{"taxonomy":"post_tag","embeddable":true,"href":"http:\/\/elcuartopoder.com.mx\/nw\/wp-json\/wp\/v2\/tags?post=101413"}],"curies":[{"name":"wp","href":"https:\/\/api.w.org\/{rel}","templated":true}]}}