{"id":101417,"date":"2022-01-19T15:26:19","date_gmt":"2022-01-19T20:26:19","guid":{"rendered":"http:\/\/elcuartopoder.com.mx\/nw\/?p=101417"},"modified":"2022-01-19T15:26:21","modified_gmt":"2022-01-19T20:26:21","slug":"bono-revela-que-se-averguenza-de-la-mayoria-de-las-canciones-de-u2-y-hasta-del-nombre-del-grupo","status":"publish","type":"post","link":"http:\/\/elcuartopoder.com.mx\/nw\/entretenimiento\/espectaculos\/bono-revela-que-se-averguenza-de-la-mayoria-de-las-canciones-de-u2-y-hasta-del-nombre-del-grupo\/","title":{"rendered":"Bono revela que se averg\u00fcenza de la mayor\u00eda de las canciones de U2 y hasta del nombre del grupo"},"content":{"rendered":"\n<p><strong>U2<\/strong>\u00a0es una de las bandas m\u00e1s famosas de Irlanda\u00a0y hoy en d\u00eda no hay quien no conozca alguna de sus canciones. Sin embargo, para todo hay gustos y puede ser que no a muchos les agrade, incluyendo al mism\u00edsimo\u00a0<strong>Bono<\/strong>, vocalista de la agrupaci\u00f3n, quien dej\u00f3 a medio mundo con la boca abierta tras declarar sentirse avergonzado por sus melod\u00edas.<\/p>\n\n\n\n<p>Las revelaciones las hizo en una entrevista en el podcast \u00ab<strong>Awards<\/strong>&nbsp;<strong>Chatter<\/strong>\u00ab, misma que fue difundida por&nbsp;<strong>The<\/strong>&nbsp;<strong>Times<\/strong>&nbsp;y que se viraliz\u00f3 de inmediato. \u00abHe estado en el coche cuando una de nuestras canciones ha sonado en la radio. Me he puesto del color de, como decimos en&nbsp;<strong>Dubl\u00edn<\/strong>, escarlata. Estoy tan avergonzado de ellas. Me dan verg\u00fcenza ajena\u00bb, mencion\u00f3 el cantante.&nbsp;<\/p>\n\n\n\n<p>Sin embargo, no todo es tan malo, pues dice que probablemente \u00ab<strong>V\u00e9rtigo<\/strong>\u00bb es la canci\u00f3n que m\u00e1s lo enorgullece, pes \u00abes la forma en que se conecta con la multitud\u00bb, explic\u00f3 el l\u00edder de\u00a0<strong>U2<\/strong>.\u00a0<\/p>\n\n\n\n<h2 class=\"wp-block-heading\"><strong>Bono, sigue inc\u00f3modo con el nombre de la banda<\/strong><\/h2>\n\n\n\n<p>Pero si\u00a0las declaraciones de Bono no pararon ah\u00ed, pues record\u00f3 que en un principio no le agrad\u00f3 el nombre de la banda:\u00a0<strong>U2<\/strong>, pero termin\u00f3 \u00abconvencido\u00bb por su colaborador\u00a0<strong>Paul<\/strong>\u00a0<strong>McGuinness<\/strong>, quien argument\u00f3 que \u00e9ste era bueno, pues se ver\u00eda \u00abgenial una letra y un\u00a0 n\u00famero en una camiseta\u00bb.\u00a0<\/p>\n\n\n\n<p>Sin embargo, parece que su idea nunca cambi\u00f3, pues dijo de manera tajante que no le gusta el nombre, \u00abtodav\u00eda no me gusta mucho el nombre\u00bb, reiter\u00f3 como para dejar en claro su inconformidad.&nbsp;<\/p>\n\n\n\n<p>Fue as\u00ed como las palabras de\u00a0<strong>Paul David Hewson<\/strong>, nombre real del cantante, fueron destrozando a su grupo por completo, pues tambi\u00e9n critic\u00f3 su propia voz.\u00a0\u201cSolo me convert\u00ed en cantante, como, recientemente. Tal vez a\u00fan no ha sucedido para los o\u00eddos de algunas personas y lo entiendo\u201d, mencion\u00f3.<\/p>\n\n\n\n<p><strong>Fuente:<\/strong> heraldodemexico<\/p>\n","protected":false},"excerpt":{"rendered":"<p>U2\u00a0es una de las bandas m\u00e1s famosas de Irlanda\u00a0y hoy en d\u00eda no hay quien no conozca alguna de sus canciones. Sin embargo, para todo hay gustos y puede ser que no a muchos les agrade, incluyendo al mism\u00edsimo\u00a0Bono, vocalista de la agrupaci\u00f3n, quien dej\u00f3 a medio mundo con la boca abierta tras declarar sentirse [&hellip;]<\/p>\n","protected":false},"author":2,"featured_media":101418,"comment_status":"open","ping_status":"open","sticky":false,"template":"","format":"standard","meta":{"footnotes":""},"categories":[11],"tags":[],"class_list":["post-101417","post","type-post","status-publish","format-standard","has-post-thumbnail","hentry","category-espectaculos"],"_links":{"self":[{"href":"http:\/\/elcuartopoder.com.mx\/nw\/wp-json\/wp\/v2\/posts\/101417","targetHints":{"allow":["GET"]}}],"collection":[{"href":"http:\/\/elcuartopoder.com.mx\/nw\/wp-json\/wp\/v2\/posts"}],"about":[{"href":"http:\/\/elcuartopoder.com.mx\/nw\/wp-json\/wp\/v2\/types\/post"}],"author":[{"embeddable":true,"href":"http:\/\/elcuartopoder.com.mx\/nw\/wp-json\/wp\/v2\/users\/2"}],"replies":[{"embeddable":true,"href":"http:\/\/elcuartopoder.com.mx\/nw\/wp-json\/wp\/v2\/comments?post=101417"}],"version-history":[{"count":1,"href":"http:\/\/elcuartopoder.com.mx\/nw\/wp-json\/wp\/v2\/posts\/101417\/revisions"}],"predecessor-version":[{"id":101419,"href":"http:\/\/elcuartopoder.com.mx\/nw\/wp-json\/wp\/v2\/posts\/101417\/revisions\/101419"}],"wp:featuredmedia":[{"embeddable":true,"href":"http:\/\/elcuartopoder.com.mx\/nw\/wp-json\/wp\/v2\/media\/101418"}],"wp:attachment":[{"href":"http:\/\/elcuartopoder.com.mx\/nw\/wp-json\/wp\/v2\/media?parent=101417"}],"wp:term":[{"taxonomy":"category","embeddable":true,"href":"http:\/\/elcuartopoder.com.mx\/nw\/wp-json\/wp\/v2\/categories?post=101417"},{"taxonomy":"post_tag","embeddable":true,"href":"http:\/\/elcuartopoder.com.mx\/nw\/wp-json\/wp\/v2\/tags?post=101417"}],"curies":[{"name":"wp","href":"https:\/\/api.w.org\/{rel}","templated":true}]}}