{"id":101629,"date":"2022-01-24T23:38:16","date_gmt":"2022-01-25T04:38:16","guid":{"rendered":"http:\/\/elcuartopoder.com.mx\/nw\/?p=101629"},"modified":"2022-01-24T23:38:17","modified_gmt":"2022-01-25T04:38:17","slug":"tren-maya-ya-no-pasara-por-playa-del-carmen","status":"publish","type":"post","link":"http:\/\/elcuartopoder.com.mx\/nw\/municipales\/tren-maya-ya-no-pasara-por-playa-del-carmen\/","title":{"rendered":"Tren Maya ya no pasar\u00e1 por Playa del Carmen"},"content":{"rendered":"\n<p> Las v\u00edas del tren ahora rodear\u00e1n la zona urbana en lugar de atravesarla. <\/p>\n\n\n\n<p>Javier May, titular del Fondo Nacional de Fomento al Turismo (Fonatur), inform\u00f3 que e<strong>l Tren Maya tendr\u00e1 otro cambio<\/strong>, esta vez en lo que respecta a la zona urbana de Playa del Carmen.&nbsp;<\/p>\n\n\n\n<p>Para este sector, se ten\u00eda previsto construir v\u00edas elevadas en paralelo con los puentes de la carretera federal 307. Sin embargo, esta idea ya fue descartada y&nbsp;<strong>ahora las v\u00edas rodear\u00e1n la ciudad.&nbsp;<\/strong><\/p>\n\n\n\n<p>Este cambio hab\u00eda sido&nbsp;<strong>solicitado por empresarios de Playa del Carmen<\/strong>, aunque de inicio el gobierno federal indic\u00f3 que no se har\u00edan las modificaciones.&nbsp;<\/p>\n\n\n\n<p>En conferencia de prensa, Javier May sostuvo que el reto ser\u00e1 concluir los tramos 5 y 6 antes de 2023, como lo orden\u00f3 el presidente Andr\u00e9s Manuel L\u00f3pez Obrador.<\/p>\n\n\n\n<blockquote class=\"wp-block-quote is-layout-flow wp-block-quote-is-layout-flow\"><p>\u201cLlueva, truene o relampaguee vamos a estar inaugurando el Tren Maya a finales del a\u00f1o pr\u00f3ximo, entonces no podemos fallar y por eso estos cambios\u201d,&nbsp;<\/p><\/blockquote>\n\n\n\n<p>dijo el mandatario este mi\u00e9rcoles durante su conferencia matutina.<\/p>\n\n\n\n<p>May, quien hasta hace una semana se desempe\u00f1aba como titular de la<strong>&nbsp;Secretar\u00eda del Bienestar<\/strong>, asegur\u00f3 que el dise\u00f1o de la estaci\u00f3n de Playa del Carmen, que estaba proyectado en el centro de la ciudad, servir\u00e1 de igual manera para el otro sitio, aunque el boceto se haya hecho con base en las medidas y colindancias de un predio distinto.&nbsp;<\/p>\n\n\n\n<p>Con respecto los predios privados que ocupar\u00e1 el gobierno federal para la construcci\u00f3n de la v\u00eda, el titular de la Secretar\u00eda de Desarrollo Agrario Territorial y Urbano (Sedatu), Rom\u00e1n Meyer Falc\u00f3n, aclar\u00f3 que la Declaratoria de Utilidad P\u00fablica publicada el pasado 17 de enero&nbsp;<strong>no es a\u00fan un decreto de expropiaci\u00f3n<\/strong>, pues dice, a\u00fan se llegar\u00e1 a negociaciones con los propietarios, con quienes asegura se llegar\u00e1 a buenos t\u00e9rminos.&nbsp;<\/p>\n\n\n\n<p>Sobre los permisos ambientales necesarios para construir las v\u00edas y modificar la carretera, Javier May aleg\u00f3 que se est\u00e1 trabajando con la Secretar\u00eda de Medio Ambiente y Recursos Naturales (Semarnat) est\u00e1 colaborando con el equipo de Fonatur.&nbsp;<\/p>\n\n\n\n<p>El funcionario&nbsp;<strong>asegur\u00f3 que tienen hasta un a\u00f1o de per\u00edodo de gracia&nbsp;<\/strong>para presentar los documentos t\u00e9cnicos de factibilidad ambiental para obtener el permiso correspondiente por parte de Semarnat.&nbsp;<\/p>\n\n\n\n<p>Sin embargo, eso es contrario a lo previsto en la Ley General de Equilibrio Ecol\u00f3gico y Protecci\u00f3n al Ambiente (Lgeepa), as\u00ed como su reglamento de operaci\u00f3n. La Ley prev\u00e9 que toda obra de v\u00edas f\u00e9rreas y carreteras&nbsp;<strong>debe contar con la aprobaci\u00f3n de la Manifestaci\u00f3n de Impacto Ambiental<\/strong>, que otorga la Semarnat luego de un proceso de evaluaci\u00f3n. Dicho documento t\u00e9cnico tiene como objetivo prevenir riesgos ambientales y mitigar los posibles.&nbsp;<\/p>\n\n\n\n<h2 class=\"wp-block-heading\">Despiden a funcionarios del Tren Maya; nuevo titular asegura que \u201cvoluntarios\u201d&nbsp;<\/h2>\n\n\n\n<p>El nuevo titular de Fonatur tambi\u00e9n dio a conocer que se cambiar\u00e1 la estructura de organizaci\u00f3n del personal al servicio del Tren Maya. Hasta la semana pasada, cada tramo contaba con un equipo territorial, liderado por un enlace territorial, a cargo de los respectivos enlaces social, ambiental y de comunicaci\u00f3n.&nbsp;<\/p>\n\n\n\n<p>No obstante, esta semana la nueva direcci\u00f3n<strong>&nbsp;solicit\u00f3 la renuncia de todos los enlaces territoriales<\/strong>. En Quintana Roo, Mariano Garc\u00eda y Lilia Gonz\u00e1lez estaban a cargo de los equipos de los tramos 5 y 6, que van de Canc\u00fan a Tulum y de Tulum a Bacalar.&nbsp;<\/p>\n\n\n\n<p>Fue despedido el equipo de comunicaci\u00f3n social y el equipo t\u00e9cnico que ten\u00eda base en la Ciudad de M\u00e9xico.&nbsp;<\/p>\n\n\n\n<p>Una de las personas despedidas, quien solicit\u00f3 resguardar su identidad, cont\u00f3 que a dirigir el proyecto llega personal que <strong>antes laboraba en la Secretar\u00eda del Bienestar.\u00a0<\/strong><\/p>\n\n\n\n<blockquote class=\"wp-block-quote is-layout-flow wp-block-quote-is-layout-flow\"><p>\u201cNos solicitaron que entreg\u00e1ramos la informaci\u00f3n y presentemos nuestra renuncia\u201d, indic\u00f3.&nbsp;<\/p><\/blockquote>\n\n\n\n<p>Javier May se justific\u00f3 y dijo que las&nbsp;<strong>renuncias presentadas fueron \u201cvoluntarias\u201d&nbsp;<\/strong>y agreg\u00f3 que desconoce cu\u00e1ntas personas salen de la dependencia.<\/p>\n\n\n\n<p> POR:\u00a0<a href=\"https:\/\/sipse.com\/autor\/alejandro-castro\/\">ALEJANDRO CASTRO<\/a><\/p>\n\n\n\n<p>fuente: https:\/\/sipse.com\/novedades\/cambian-ruta-tren-maya-playa-del-carmen-416860.html<\/p>\n","protected":false},"excerpt":{"rendered":"<p>Las v\u00edas del tren ahora rodear\u00e1n la zona urbana en lugar de atravesarla. Javier May, titular del Fondo Nacional de Fomento al Turismo (Fonatur), inform\u00f3 que el Tren Maya tendr\u00e1 otro cambio, esta vez en lo que respecta a la zona urbana de Playa del Carmen.&nbsp; Para este sector, se ten\u00eda previsto construir v\u00edas elevadas [&hellip;]<\/p>\n","protected":false},"author":2,"featured_media":101630,"comment_status":"open","ping_status":"open","sticky":false,"template":"","format":"standard","meta":{"footnotes":""},"categories":[6],"tags":[],"class_list":["post-101629","post","type-post","status-publish","format-standard","has-post-thumbnail","hentry","category-municipales"],"_links":{"self":[{"href":"http:\/\/elcuartopoder.com.mx\/nw\/wp-json\/wp\/v2\/posts\/101629","targetHints":{"allow":["GET"]}}],"collection":[{"href":"http:\/\/elcuartopoder.com.mx\/nw\/wp-json\/wp\/v2\/posts"}],"about":[{"href":"http:\/\/elcuartopoder.com.mx\/nw\/wp-json\/wp\/v2\/types\/post"}],"author":[{"embeddable":true,"href":"http:\/\/elcuartopoder.com.mx\/nw\/wp-json\/wp\/v2\/users\/2"}],"replies":[{"embeddable":true,"href":"http:\/\/elcuartopoder.com.mx\/nw\/wp-json\/wp\/v2\/comments?post=101629"}],"version-history":[{"count":1,"href":"http:\/\/elcuartopoder.com.mx\/nw\/wp-json\/wp\/v2\/posts\/101629\/revisions"}],"predecessor-version":[{"id":101631,"href":"http:\/\/elcuartopoder.com.mx\/nw\/wp-json\/wp\/v2\/posts\/101629\/revisions\/101631"}],"wp:featuredmedia":[{"embeddable":true,"href":"http:\/\/elcuartopoder.com.mx\/nw\/wp-json\/wp\/v2\/media\/101630"}],"wp:attachment":[{"href":"http:\/\/elcuartopoder.com.mx\/nw\/wp-json\/wp\/v2\/media?parent=101629"}],"wp:term":[{"taxonomy":"category","embeddable":true,"href":"http:\/\/elcuartopoder.com.mx\/nw\/wp-json\/wp\/v2\/categories?post=101629"},{"taxonomy":"post_tag","embeddable":true,"href":"http:\/\/elcuartopoder.com.mx\/nw\/wp-json\/wp\/v2\/tags?post=101629"}],"curies":[{"name":"wp","href":"https:\/\/api.w.org\/{rel}","templated":true}]}}