{"id":101648,"date":"2022-01-25T08:35:32","date_gmt":"2022-01-25T13:35:32","guid":{"rendered":"http:\/\/elcuartopoder.com.mx\/nw\/?p=101648"},"modified":"2022-01-25T01:38:52","modified_gmt":"2022-01-25T06:38:52","slug":"los-dentistas-aconsejan-que-los-ninos-acudan-a-una-revision-bucodental-despues-de-la-navidad","status":"publish","type":"post","link":"http:\/\/elcuartopoder.com.mx\/nw\/varios\/los-dentistas-aconsejan-que-los-ninos-acudan-a-una-revision-bucodental-despues-de-la-navidad\/","title":{"rendered":"Los dentistas aconsejan que los ni\u00f1os acudan a una revisi\u00f3n bucodental despu\u00e9s de la Navidad"},"content":{"rendered":"\n<h2 class=\"wp-block-heading\">Adem\u00e1s de las visitas peri\u00f3dicas al dentista, desde el Consejo General de Dentistas se recomienda seguir, durante todo el a\u00f1o, y en cada etapa del ni\u00f1o una serie de consejos.<\/h2>\n\n\n\n<p>El Consejo General de Dentista de Espa\u00f1a recomienda que los ni\u00f1os acudan a una revisi\u00f3n bucodental despu\u00e9s de las vacaciones de Navidad y recuerda que&nbsp;<strong>solo el 71 por ciento de los padres afirma haber llevado a su hijo al dentista en el \u00faltimo a\u00f1o<\/strong>. Tal y como explica, los excesos de la \u00e9poca navide\u00f1a pueden haber afectado a los dientes de los menores,&nbsp;<a href=\"https:\/\/www.abc.es\/familia\/vida-sana\/abci-evidencia-cientifica-senala-enfermedad-caries-puede-prevenir-201803170150_noticia.html\" target=\"_blank\" rel=\"noreferrer noopener\">provocando problemas bucodentales que, a la larga, pueden derivar en patolog\u00edas m\u00e1s graves<\/a>.<\/p>\n\n\n\n<p>Tal y como recuerda el doctor, comenzar el a\u00f1o con una revisi\u00f3n bucodental \u00abasegura que los m\u00e1s peque\u00f1os disfruten de una buena salud oral y, por tanto, general\u00bb. \u00abLos dentistas haremos un diagn\u00f3stico y valoraremos las necesidades concretas de cada ni\u00f1o.<\/p>\n\n\n\n<p>As\u00ed, a los que presenten un mayor riesgo de caries, se les podr\u00e1 aplicar selladores o un barniz de fl\u00faor para proteger los dientes\u00bb, explica el doctor \u00d3scar Castro, presidente del&nbsp;<a href=\"https:\/\/www.consejodentistas.es\/\" target=\"_blank\" rel=\"noreferrer noopener\">Consejo General de Dentistas<\/a>.<\/p>\n\n\n\n<p>Seg\u00fan el experto, \u00abhay que desterrar el mito de que no es necesario tratar los dientes de leche cariados porque se van a acabar cayendo para dar paso a la dentici\u00f3n definitiva\u00bb. As\u00ed, cuidarlos es \u00abfundamental\u00bb por varias razones: evitan infecciones (flemones) y dolor al ni\u00f1o, posibles complicaciones (infecciones renales o v\u00e1lvula cardiaca) y que el ni\u00f1o pierda horas de colegio. Adem\u00e1s, los dientes de leche guardan el espacio a los permanentes, por lo que, si los dientes definitivos erupcionan en una boca con dientes de leche cariados, van a tener mucha mayor probabilidad de enfermar. En ese sentido, adem\u00e1s de las visitas peri\u00f3dicas al dentista, desde el Consejo General de Dentistas se recomienda seguir, durante todo el a\u00f1o, y en cada etapa del ni\u00f1o una serie de consejos.<\/p>\n\n\n\n<p>En primer lugar, antes de que erupcione el primer diente, se aconseja limpiar las enc\u00edas del beb\u00e9 con una gasa humedecida con agua. Alrededor de los 6-8 meses, es muy recomendable empezar a limpiar los dientes de leche con un cepillo pedi\u00e1trico, poniendo una m\u00ednima cantidad de pasta dent\u00edfrica con 1.000 ppm de fl\u00faor (tama\u00f1o de un grano de arroz).<\/p>\n\n\n\n<p>A partir de los 3 a\u00f1os, deben realizarse, al menos, dos cepillados al d\u00eda con pasta fluorada (cantidad equivalente a un guisante), uno por la ma\u00f1ana y otro antes de irse a dormir. Hasta esta edad, el cepillado debe ser efectuado por los padres.<\/p>\n\n\n\n<p>Entre los 4 a\u00f1os y los 6, el ni\u00f1o debe aprender a cepillarse bajo supervisi\u00f3n. Ya en la etapa de los 6 a los 12 a\u00f1os, se completa la dentici\u00f3n permanente, por lo que es muy importante reforzar la higiene dental.&nbsp;<strong>Se aconseja cepillar los dientes con pasta fluorada (tama\u00f1o de un garbanzo) despu\u00e9s de las comidas&nbsp;<\/strong>o, como m\u00ednimo, por la ma\u00f1ana y por la noche, durante dos minutos.&nbsp;<strong>A partir de los 11-12 a\u00f1os es necesario completar el cepillado con la higiene interdental por la noche<\/strong>.<\/p>\n\n\n\n<p>Asimismo, se recomienda renovar el cepillo de dientes cada 3 meses, puesto que va deterior\u00e1ndose y desaparece su eficacia; llevar una dieta sana y equilibrada,\u00a0<a rel=\"noreferrer noopener\" href=\"https:\/\/www.abc.es\/bienestar\/alimentacion\/abci-azucar-oculto-esta-clave-para-reducir-cantidad-tomas-202110270059_noticia.html\" target=\"_blank\">reduciendo la ingesta de az\u00facar<\/a>; y, si se realizan deportes de contacto, es aconsejable el uso de protectores para evitar fracturas dentales.<\/p>\n\n\n\n<p>fuente: https:\/\/www.abc.es\/familia\/vida-sana\/abci-dentistas-aconsejan-ninos-acudan-revision-bucodental-despues-navidad-202201220140_noticia.html<\/p>\n\n\n\n<p><\/p>\n","protected":false},"excerpt":{"rendered":"<p>Adem\u00e1s de las visitas peri\u00f3dicas al dentista, desde el Consejo General de Dentistas se recomienda seguir, durante todo el a\u00f1o, y en cada etapa del ni\u00f1o una serie de consejos. El Consejo General de Dentista de Espa\u00f1a recomienda que los ni\u00f1os acudan a una revisi\u00f3n bucodental despu\u00e9s de las vacaciones de Navidad y recuerda que&nbsp;solo [&hellip;]<\/p>\n","protected":false},"author":2,"featured_media":101649,"comment_status":"open","ping_status":"open","sticky":false,"template":"","format":"standard","meta":{"footnotes":""},"categories":[64],"tags":[],"class_list":["post-101648","post","type-post","status-publish","format-standard","has-post-thumbnail","hentry","category-varios"],"_links":{"self":[{"href":"http:\/\/elcuartopoder.com.mx\/nw\/wp-json\/wp\/v2\/posts\/101648","targetHints":{"allow":["GET"]}}],"collection":[{"href":"http:\/\/elcuartopoder.com.mx\/nw\/wp-json\/wp\/v2\/posts"}],"about":[{"href":"http:\/\/elcuartopoder.com.mx\/nw\/wp-json\/wp\/v2\/types\/post"}],"author":[{"embeddable":true,"href":"http:\/\/elcuartopoder.com.mx\/nw\/wp-json\/wp\/v2\/users\/2"}],"replies":[{"embeddable":true,"href":"http:\/\/elcuartopoder.com.mx\/nw\/wp-json\/wp\/v2\/comments?post=101648"}],"version-history":[{"count":1,"href":"http:\/\/elcuartopoder.com.mx\/nw\/wp-json\/wp\/v2\/posts\/101648\/revisions"}],"predecessor-version":[{"id":101650,"href":"http:\/\/elcuartopoder.com.mx\/nw\/wp-json\/wp\/v2\/posts\/101648\/revisions\/101650"}],"wp:featuredmedia":[{"embeddable":true,"href":"http:\/\/elcuartopoder.com.mx\/nw\/wp-json\/wp\/v2\/media\/101649"}],"wp:attachment":[{"href":"http:\/\/elcuartopoder.com.mx\/nw\/wp-json\/wp\/v2\/media?parent=101648"}],"wp:term":[{"taxonomy":"category","embeddable":true,"href":"http:\/\/elcuartopoder.com.mx\/nw\/wp-json\/wp\/v2\/categories?post=101648"},{"taxonomy":"post_tag","embeddable":true,"href":"http:\/\/elcuartopoder.com.mx\/nw\/wp-json\/wp\/v2\/tags?post=101648"}],"curies":[{"name":"wp","href":"https:\/\/api.w.org\/{rel}","templated":true}]}}