{"id":101657,"date":"2022-01-25T01:49:47","date_gmt":"2022-01-25T06:49:47","guid":{"rendered":"http:\/\/elcuartopoder.com.mx\/nw\/?p=101657"},"modified":"2022-01-25T12:46:28","modified_gmt":"2022-01-25T17:46:28","slug":"cambiar-de-cepillo-de-dientes-si-has-pasado-el-covid-imprescindible-o-no","status":"publish","type":"post","link":"http:\/\/elcuartopoder.com.mx\/nw\/entretenimiento\/salud\/cambiar-de-cepillo-de-dientes-si-has-pasado-el-covid-imprescindible-o-no\/","title":{"rendered":"Cambiar de cepillo de dientes si has pasado el Covid, \u00bfimprescindible o no?"},"content":{"rendered":"\n<p>Cuando una persona observa con sorpresa el ansiado resultado negativo de su test o PCR despu\u00e9s de haber estado contagiado por Covid hay una serie de detalles que no deben pasarse por alto. Una de las dudas m\u00e1s comunes es si es necesario cambiar de cepillo de dientes. La respuesta es muy clara y contundente, seg\u00fan apunta a ABC Bruno Baracco, portavoz del&nbsp;<a href=\"https:\/\/www.coem.org.es\/\" target=\"_blank\" rel=\"noreferrer noopener\">Colegio de Odont\u00f3logos y profesor de la Universidad Rey Juan Carlos:<\/a>&nbsp;\u00abEs muy aconsejable tirar el cepillo de dientes y comprar uno nuevo despu\u00e9s de cualquier proceso infeccioso como una faringitis, amigdalitis, infecci\u00f3n por hongos, gripe&#8230; y mucho m\u00e1s si ha tenido Covid, que es una enfermedad que se contagia principalmente por v\u00edas altas\u00bb.<\/p>\n\n\n\n<p>Es m\u00e1s, este experto incide en que NO ES NADA CONVENIENTE, como ocurre en muchos hogares, mantener todos los cepillos colocados en <strong>un mismo vaso<\/strong>.<\/p>\n\n\n\n<p>Por Laura Peraita<\/p>\n\n\n\n<p>FUENTE: https:\/\/www.abc.es\/familia\/vida-sana\/abci-cambiar-cepillo-dientes-si-pasado-covid-imprescindible-o-no-202201212003_noticia.html<\/p>\n","protected":false},"excerpt":{"rendered":"<p>Cuando una persona observa con sorpresa el ansiado resultado negativo de su test o PCR despu\u00e9s de haber estado contagiado por Covid hay una serie de detalles que no deben pasarse por alto. Una de las dudas m\u00e1s comunes es si es necesario cambiar de cepillo de dientes. La respuesta es muy clara y contundente, [&hellip;]<\/p>\n","protected":false},"author":2,"featured_media":101658,"comment_status":"open","ping_status":"open","sticky":false,"template":"","format":"standard","meta":{"footnotes":""},"categories":[56],"tags":[],"class_list":["post-101657","post","type-post","status-publish","format-standard","has-post-thumbnail","hentry","category-salud"],"_links":{"self":[{"href":"http:\/\/elcuartopoder.com.mx\/nw\/wp-json\/wp\/v2\/posts\/101657","targetHints":{"allow":["GET"]}}],"collection":[{"href":"http:\/\/elcuartopoder.com.mx\/nw\/wp-json\/wp\/v2\/posts"}],"about":[{"href":"http:\/\/elcuartopoder.com.mx\/nw\/wp-json\/wp\/v2\/types\/post"}],"author":[{"embeddable":true,"href":"http:\/\/elcuartopoder.com.mx\/nw\/wp-json\/wp\/v2\/users\/2"}],"replies":[{"embeddable":true,"href":"http:\/\/elcuartopoder.com.mx\/nw\/wp-json\/wp\/v2\/comments?post=101657"}],"version-history":[{"count":1,"href":"http:\/\/elcuartopoder.com.mx\/nw\/wp-json\/wp\/v2\/posts\/101657\/revisions"}],"predecessor-version":[{"id":101659,"href":"http:\/\/elcuartopoder.com.mx\/nw\/wp-json\/wp\/v2\/posts\/101657\/revisions\/101659"}],"wp:featuredmedia":[{"embeddable":true,"href":"http:\/\/elcuartopoder.com.mx\/nw\/wp-json\/wp\/v2\/media\/101658"}],"wp:attachment":[{"href":"http:\/\/elcuartopoder.com.mx\/nw\/wp-json\/wp\/v2\/media?parent=101657"}],"wp:term":[{"taxonomy":"category","embeddable":true,"href":"http:\/\/elcuartopoder.com.mx\/nw\/wp-json\/wp\/v2\/categories?post=101657"},{"taxonomy":"post_tag","embeddable":true,"href":"http:\/\/elcuartopoder.com.mx\/nw\/wp-json\/wp\/v2\/tags?post=101657"}],"curies":[{"name":"wp","href":"https:\/\/api.w.org\/{rel}","templated":true}]}}