{"id":101660,"date":"2022-01-25T08:53:14","date_gmt":"2022-01-25T13:53:14","guid":{"rendered":"http:\/\/elcuartopoder.com.mx\/nw\/?p=101660"},"modified":"2022-01-25T12:49:31","modified_gmt":"2022-01-25T17:49:31","slug":"retiraran-del-mercado-marca-de-pastelitos-de-chocolate-checa-el-motivo","status":"publish","type":"post","link":"http:\/\/elcuartopoder.com.mx\/nw\/entretenimiento\/salud\/retiraran-del-mercado-marca-de-pastelitos-de-chocolate-checa-el-motivo\/","title":{"rendered":"Retirar\u00e1n del mercado marca de pastelitos de chocolate; checa el motivo"},"content":{"rendered":"\n<p class=\"wp-block-paragraph\"> De acuerdo con infomrcai\u00f3n publicad por Milenio, la Procuradur\u00eda Federal del Consumidor (Profeco) revel\u00f3 que\u00a0retirar\u00e1 del mercado una marca de pastelitos de chocolate. <\/p>\n\n\n\n<p class=\"wp-block-paragraph\"> Lo anterio, debido a que un estudio realizado por la dependencia detect\u00f3\u00a0irregularidades, referentes al cumplimiento de la NOM-051 o derivadas de su importaci\u00f3n. <\/p>\n\n\n\n<p class=\"wp-block-paragraph\">Tras analizar&nbsp;25 marcas de pastelitos empacados, la gran mayor\u00eda logr\u00f3 cumplir con la norma de etiquetado de alimentos, pero se encontr\u00f3 un producto que arroj\u00f3 resultados negativos.<\/p>\n\n\n\n<p class=\"wp-block-paragraph\">Se trata de Vual\u00e1 Swich (presentaci\u00f3n de pastel y en forma de rollo) el cual se comercializa, generalmente,&nbsp;en tiendas tiendas de conveniencia&nbsp;y una cadena de supermercados.<\/p>\n\n\n\n<p class=\"wp-block-paragraph\">Profeco detect\u00f3 que el producto Vual\u00e1 Swich, tanto en su presentaci\u00f3n de pastel como en forma de rollo, est\u00e1 mal etiquetado en cuanto a su contenido de az\u00facares, adem\u00e1s de que encontr\u00f3 irregularidades sobre su importaci\u00f3n al pa\u00eds.<\/p>\n\n\n\n<p class=\"wp-block-paragraph\">Los resultados y detalles de dicho an\u00e1lisis ser\u00e1n revelados en la Revista del Consumidor de febrero.<\/p>\n\n\n\n<p class=\"wp-block-paragraph\">fuente: https:\/\/www.xeu.mx\/nota.cfm?id=1197544<\/p>\n","protected":false},"excerpt":{"rendered":"<p>De acuerdo con infomrcai\u00f3n publicad por Milenio, la Procuradur\u00eda Federal del Consumidor (Profeco) revel\u00f3 que\u00a0retirar\u00e1 del mercado una marca de pastelitos de chocolate. Lo anterio, debido a que un estudio realizado por la dependencia detect\u00f3\u00a0irregularidades, referentes al cumplimiento de la NOM-051 o derivadas de su importaci\u00f3n. Tras analizar&nbsp;25 marcas de pastelitos empacados, la gran mayor\u00eda [&hellip;]<\/p>\n","protected":false},"author":2,"featured_media":101661,"comment_status":"open","ping_status":"open","sticky":false,"template":"","format":"standard","meta":{"footnotes":""},"categories":[56],"tags":[],"class_list":["post-101660","post","type-post","status-publish","format-standard","has-post-thumbnail","hentry","category-salud"],"_links":{"self":[{"href":"http:\/\/elcuartopoder.com.mx\/nw\/wp-json\/wp\/v2\/posts\/101660","targetHints":{"allow":["GET"]}}],"collection":[{"href":"http:\/\/elcuartopoder.com.mx\/nw\/wp-json\/wp\/v2\/posts"}],"about":[{"href":"http:\/\/elcuartopoder.com.mx\/nw\/wp-json\/wp\/v2\/types\/post"}],"author":[{"embeddable":true,"href":"http:\/\/elcuartopoder.com.mx\/nw\/wp-json\/wp\/v2\/users\/2"}],"replies":[{"embeddable":true,"href":"http:\/\/elcuartopoder.com.mx\/nw\/wp-json\/wp\/v2\/comments?post=101660"}],"version-history":[{"count":1,"href":"http:\/\/elcuartopoder.com.mx\/nw\/wp-json\/wp\/v2\/posts\/101660\/revisions"}],"predecessor-version":[{"id":101662,"href":"http:\/\/elcuartopoder.com.mx\/nw\/wp-json\/wp\/v2\/posts\/101660\/revisions\/101662"}],"wp:featuredmedia":[{"embeddable":true,"href":"http:\/\/elcuartopoder.com.mx\/nw\/wp-json\/wp\/v2\/media\/101661"}],"wp:attachment":[{"href":"http:\/\/elcuartopoder.com.mx\/nw\/wp-json\/wp\/v2\/media?parent=101660"}],"wp:term":[{"taxonomy":"category","embeddable":true,"href":"http:\/\/elcuartopoder.com.mx\/nw\/wp-json\/wp\/v2\/categories?post=101660"},{"taxonomy":"post_tag","embeddable":true,"href":"http:\/\/elcuartopoder.com.mx\/nw\/wp-json\/wp\/v2\/tags?post=101660"}],"curies":[{"name":"wp","href":"https:\/\/api.w.org\/{rel}","templated":true}]}}