{"id":101670,"date":"2022-01-25T08:41:16","date_gmt":"2022-01-25T13:41:16","guid":{"rendered":"http:\/\/elcuartopoder.com.mx\/nw\/?p=101670"},"modified":"2022-01-25T08:41:18","modified_gmt":"2022-01-25T13:41:18","slug":"se-inaugurara-el-21-de-marzo-el-aeropuerto-felipe-angeles-amlo","status":"publish","type":"post","link":"http:\/\/elcuartopoder.com.mx\/nw\/nacionales\/se-inaugurara-el-21-de-marzo-el-aeropuerto-felipe-angeles-amlo\/","title":{"rendered":"Se inaugurar\u00e1 el 21 de marzo el Aeropuerto Felipe \u00c1ngeles: AMLO"},"content":{"rendered":"\n<p>El presidente Andr\u00e9s Manuel L\u00f3pez Obrador, asegura que el Aeropuerto Felipe \u00c1ngeles, se inaugurar\u00e1 el 21 de marzo del presente a\u00f1o.<\/p>\n\n\n\n<p>\u00abVamos a cumplir con el compromiso de entregar el Aeropuerto Felipe \u00c1ngeles el 21 de marzo; es una obra de calidad, se va a demostrar con hechos que fue buena la decisi\u00f3n de no continuar con la construcci\u00f3n en el Lago de Texcoco\u00bb, indic\u00f3.<\/p>\n\n\n\n<p>Agreg\u00f3 lo siguiente:<\/p>\n\n\n\n<p>\u00abCuando se entregue el Aeropuerto Felipe \u00c1ngeles, es posible que hagamos un an\u00e1lisis sobre la decisi\u00f3n que se tom\u00f3 de no construirlo en el Lago de Texcoco\u00bb, sentenci\u00f3.<\/p>\n\n\n\n<p><strong>Fuente:<\/strong>&nbsp;XEU<br><\/p>\n","protected":false},"excerpt":{"rendered":"<p>El presidente Andr\u00e9s Manuel L\u00f3pez Obrador, asegura que el Aeropuerto Felipe \u00c1ngeles, se inaugurar\u00e1 el 21 de marzo del presente a\u00f1o. \u00abVamos a cumplir con el compromiso de entregar el Aeropuerto Felipe \u00c1ngeles el 21 de marzo; es una obra de calidad, se va a demostrar con hechos que fue buena la decisi\u00f3n de no [&hellip;]<\/p>\n","protected":false},"author":2,"featured_media":101671,"comment_status":"open","ping_status":"open","sticky":false,"template":"","format":"standard","meta":{"footnotes":""},"categories":[55],"tags":[],"class_list":["post-101670","post","type-post","status-publish","format-standard","has-post-thumbnail","hentry","category-nacionales"],"_links":{"self":[{"href":"http:\/\/elcuartopoder.com.mx\/nw\/wp-json\/wp\/v2\/posts\/101670","targetHints":{"allow":["GET"]}}],"collection":[{"href":"http:\/\/elcuartopoder.com.mx\/nw\/wp-json\/wp\/v2\/posts"}],"about":[{"href":"http:\/\/elcuartopoder.com.mx\/nw\/wp-json\/wp\/v2\/types\/post"}],"author":[{"embeddable":true,"href":"http:\/\/elcuartopoder.com.mx\/nw\/wp-json\/wp\/v2\/users\/2"}],"replies":[{"embeddable":true,"href":"http:\/\/elcuartopoder.com.mx\/nw\/wp-json\/wp\/v2\/comments?post=101670"}],"version-history":[{"count":1,"href":"http:\/\/elcuartopoder.com.mx\/nw\/wp-json\/wp\/v2\/posts\/101670\/revisions"}],"predecessor-version":[{"id":101672,"href":"http:\/\/elcuartopoder.com.mx\/nw\/wp-json\/wp\/v2\/posts\/101670\/revisions\/101672"}],"wp:featuredmedia":[{"embeddable":true,"href":"http:\/\/elcuartopoder.com.mx\/nw\/wp-json\/wp\/v2\/media\/101671"}],"wp:attachment":[{"href":"http:\/\/elcuartopoder.com.mx\/nw\/wp-json\/wp\/v2\/media?parent=101670"}],"wp:term":[{"taxonomy":"category","embeddable":true,"href":"http:\/\/elcuartopoder.com.mx\/nw\/wp-json\/wp\/v2\/categories?post=101670"},{"taxonomy":"post_tag","embeddable":true,"href":"http:\/\/elcuartopoder.com.mx\/nw\/wp-json\/wp\/v2\/tags?post=101670"}],"curies":[{"name":"wp","href":"https:\/\/api.w.org\/{rel}","templated":true}]}}