{"id":101698,"date":"2022-01-25T18:43:26","date_gmt":"2022-01-25T23:43:26","guid":{"rendered":"http:\/\/elcuartopoder.com.mx\/nw\/?p=101698"},"modified":"2022-01-25T18:43:28","modified_gmt":"2022-01-25T23:43:28","slug":"atrapan-con-arma-a-dos-colombianos-integrantes-del-grupo-gota-a-gota-en-cancun","status":"publish","type":"post","link":"http:\/\/elcuartopoder.com.mx\/nw\/municipales\/atrapan-con-arma-a-dos-colombianos-integrantes-del-grupo-gota-a-gota-en-cancun\/","title":{"rendered":"Atrapan con arma a dos colombianos integrantes del grupo \u2018Gota a Gota\u2019 en Canc\u00fan"},"content":{"rendered":"\n<p class=\"wp-block-paragraph\"><strong>CANC\u00daN, MX.-<\/strong>&nbsp;Dos hombres de nacionalidad colombiana, presuntamente integrantes del grupo prestamista \u201cGota a Gota\u201d, fueron detenidos hoy en la Supermanzana 510 de esta ciudad, por portar un arma de fuego.<\/p>\n\n\n\n<p class=\"wp-block-paragraph\">Los dos sujetos, Jos\u00e9 Gabriel J. L. A. y Alejandro T. P., ambos de 23 a\u00f1os de edad, acudieron a un domicilio en la avenida Canc\u00fan (conocida como \u201cLas Torres\u201d) con la avenida M\u00e9xico, para con esta arma de fuego amenazar al propietario, para cobrarle el dinero que les deb\u00eda.<\/p>\n\n\n\n<p class=\"wp-block-paragraph\">La v\u00edctima llam\u00f3 al 911 y al poco tiempo arrib\u00f3 una patrulla de la Polic\u00eda Municipal, cuyos agentes procedieron a detener a este par.<\/p>\n\n\n\n<p class=\"wp-block-paragraph\">Los polic\u00edas revisaron a los extranjeros, sin encontrar el arma de fuego reportada; sin embargo, ante el se\u00f1alamiento de la v\u00edctima, procedieron a detenerlos y entregarlos a la Fiscal\u00eda General del Estado.<\/p>\n\n\n\n<p class=\"wp-block-paragraph\"><strong>Fuente:<\/strong> Noticaribe<\/p>\n","protected":false},"excerpt":{"rendered":"<p>CANC\u00daN, MX.-&nbsp;Dos hombres de nacionalidad colombiana, presuntamente integrantes del grupo prestamista \u201cGota a Gota\u201d, fueron detenidos hoy en la Supermanzana 510 de esta ciudad, por portar un arma de fuego. Los dos sujetos, Jos\u00e9 Gabriel J. L. A. y Alejandro T. P., ambos de 23 a\u00f1os de edad, acudieron a un domicilio en la avenida [&hellip;]<\/p>\n","protected":false},"author":2,"featured_media":101699,"comment_status":"open","ping_status":"open","sticky":false,"template":"","format":"standard","meta":{"footnotes":""},"categories":[6],"tags":[],"class_list":["post-101698","post","type-post","status-publish","format-standard","has-post-thumbnail","hentry","category-municipales"],"_links":{"self":[{"href":"http:\/\/elcuartopoder.com.mx\/nw\/wp-json\/wp\/v2\/posts\/101698","targetHints":{"allow":["GET"]}}],"collection":[{"href":"http:\/\/elcuartopoder.com.mx\/nw\/wp-json\/wp\/v2\/posts"}],"about":[{"href":"http:\/\/elcuartopoder.com.mx\/nw\/wp-json\/wp\/v2\/types\/post"}],"author":[{"embeddable":true,"href":"http:\/\/elcuartopoder.com.mx\/nw\/wp-json\/wp\/v2\/users\/2"}],"replies":[{"embeddable":true,"href":"http:\/\/elcuartopoder.com.mx\/nw\/wp-json\/wp\/v2\/comments?post=101698"}],"version-history":[{"count":1,"href":"http:\/\/elcuartopoder.com.mx\/nw\/wp-json\/wp\/v2\/posts\/101698\/revisions"}],"predecessor-version":[{"id":101700,"href":"http:\/\/elcuartopoder.com.mx\/nw\/wp-json\/wp\/v2\/posts\/101698\/revisions\/101700"}],"wp:featuredmedia":[{"embeddable":true,"href":"http:\/\/elcuartopoder.com.mx\/nw\/wp-json\/wp\/v2\/media\/101699"}],"wp:attachment":[{"href":"http:\/\/elcuartopoder.com.mx\/nw\/wp-json\/wp\/v2\/media?parent=101698"}],"wp:term":[{"taxonomy":"category","embeddable":true,"href":"http:\/\/elcuartopoder.com.mx\/nw\/wp-json\/wp\/v2\/categories?post=101698"},{"taxonomy":"post_tag","embeddable":true,"href":"http:\/\/elcuartopoder.com.mx\/nw\/wp-json\/wp\/v2\/tags?post=101698"}],"curies":[{"name":"wp","href":"https:\/\/api.w.org\/{rel}","templated":true}]}}