{"id":101701,"date":"2022-01-25T18:46:18","date_gmt":"2022-01-25T23:46:18","guid":{"rendered":"http:\/\/elcuartopoder.com.mx\/nw\/?p=101701"},"modified":"2022-01-25T18:46:19","modified_gmt":"2022-01-25T23:46:19","slug":"comienza-el-juicio-contra-otros-tres-expolicias-involucrados-en-la-muerte-de-george-floyd","status":"publish","type":"post","link":"http:\/\/elcuartopoder.com.mx\/nw\/internacionales\/comienza-el-juicio-contra-otros-tres-expolicias-involucrados-en-la-muerte-de-george-floyd\/","title":{"rendered":"Comienza el juicio contra otros tres expolic\u00edas involucrados en la muerte de George Floyd"},"content":{"rendered":"\n<p class=\"wp-block-paragraph\">George Floyd lleg\u00f3 a decir hasta 25 veces que no pod\u00eda respirar sin que ninguno de los tres agente de polic\u00eda que ve\u00edan como su compa\u00f1ero Derek Chauvin\u00a0aplastaba con su rodilla el cuello del afroamericano hiciera nada por impedirlo. \u201cSolo miraron mientras el se\u00f1or Floyd sufr\u00eda una lenta y agonizante muerte\u201d, ha declarado este lunes la fiscal federal a cargo del caso, Samantha Trepel. El pasado mes de mayo, un gran jurado federal de Minneapolis (Minnesota) acusaba a los cuatro expolic\u00edas involucrados en la detenci\u00f3n y muerte de Floyd de tres cargos por violar \u201cintencionalmente\u201d los derechos constitucionales del afroamericano el 25 de mayo de 2020.<\/p>\n\n\n\n<p class=\"wp-block-paragraph\">Derek Chauvin, sentenciado a 22 a\u00f1os por la muerte del que luego se convirti\u00f3 en\u00a0\u00edcono del movimiento racial,\u00a0se declar\u00f3 en diciembre del a\u00f1o pasado culpable de los cargos federales que pesaban en su contra por violaci\u00f3n de los derechos civiles de Floyd. Esa fue la primera vez que el exagente admit\u00eda su culpabilidad por los nueve minutos y 29 segundos que acabaron con la vida de Floyd.<\/p>\n\n\n\n<p class=\"wp-block-paragraph\">Desde la ma\u00f1ana de este lunes, Thomas Lane, Alexander Kueng y Tou Thao, excompa\u00f1eros de Chauvin, se enfrentan a una corte federal en Saint Paul (Minnesota) por violar los derechos civiles de Floyd. Con la mirada puesta en el jurado, la fiscal explic\u00f3 la obligatoriedad de socorro que deb\u00edan de haber cumplido los tres agentes al ver a su compa\u00f1ero hacer un uso excesivo de la fuerza contra Floyd. Por ley, Lane, Kueng y Thao deber\u00edan de haber protegido a la persona que ten\u00edan bajo su custodia e impedir que un polic\u00eda abusara del sospechoso. \u201cNo hacerlo es un delito\u201d, sentenci\u00f3 Trepel.<\/p>\n\n\n\n<p class=\"wp-block-paragraph\">Cinco hombres y siete mujeres escuchar\u00e1n los alegatos a favor y en contra de los tres expolic\u00edas, quienes fueron despedidos en 2020 poco despu\u00e9s de que se hiciera p\u00fablico el v\u00eddeo que una joven grab\u00f3 de la brutal muerte sufrida por Floyd. Excepto Thao, quien contaba con ocho a\u00f1os de experiencia, los otros dos polic\u00edas eran novatos que llevaban pocos d\u00edas en el cuerpo. Analistas conocedores del caso declaraban a la cadena CNN que la falta de veteran\u00eda no creen que sea un eximente dado que el deber de socorro es algo inherente durante su periodo de formaci\u00f3n en la academia de polic\u00eda.<\/p>\n\n\n\n<p class=\"wp-block-paragraph\">En este juicio, al tratarse de un proceso federal, no se permite la entrada de c\u00e1maras en la sala, con lo que no ser\u00e1 posible seguir en directo los testimonios a favor y en contra de quienes testifiquen. En el imaginario colectivo est\u00e1n grabadas las acciones de los cuatro agentes aquel 25 de mayo de 2020, cuando Chauvin, el polic\u00eda de mayor rango, tumb\u00f3 a Floyd en el asfalto y plant\u00f3 su rodilla en el cuello del afroamericano. Kueng sujetaba el torso de Floyd, Lane sosten\u00eda sus piernas y Thao se manten\u00eda a una corta distancia, para bloquear el paso de los transe\u00fantes que quisieran acercarse.<\/p>\n\n\n\n<p class=\"wp-block-paragraph\">A trav\u00e9s de los v\u00eddeos del p\u00fablico y las c\u00e1maras corporales de vigilancia de la polic\u00eda se conoce que Lane pregunt\u00f3: \u201cDeber\u00edamos ponerlo de lado?\u201d. Chauvin respondi\u00f3 negativamente. Lane volvi\u00f3 a insistir y Kueng fue quien comprob\u00f3 el pulso de Floyd. En ning\u00fan momento intentaron socorrer al afroamericano de 46 a\u00f1os o realizarle una maniobra de recuperaci\u00f3n. Los agentes llamaron a una ambulancia, cuyo equipo m\u00e9dico traslad\u00f3 el cuerpo inerte de Floyd a un hospital donde fue declarado muerto. El juicio federal comienza unos 20 meses despu\u00e9s de que Floyd falleciera. El proceso estatal deb\u00eda de haberse iniciado el pasado mes de agosto, pero fue retrasado a marzo de este a\u00f1o.<\/p>\n\n\n\n<p class=\"wp-block-paragraph\"><strong>Fuente:<\/strong> elpa\u00eds<\/p>\n","protected":false},"excerpt":{"rendered":"<p>George Floyd lleg\u00f3 a decir hasta 25 veces que no pod\u00eda respirar sin que ninguno de los tres agente de polic\u00eda que ve\u00edan como su compa\u00f1ero Derek Chauvin\u00a0aplastaba con su rodilla el cuello del afroamericano hiciera nada por impedirlo. \u201cSolo miraron mientras el se\u00f1or Floyd sufr\u00eda una lenta y agonizante muerte\u201d, ha declarado este lunes [&hellip;]<\/p>\n","protected":false},"author":2,"featured_media":101702,"comment_status":"open","ping_status":"open","sticky":false,"template":"","format":"standard","meta":{"footnotes":""},"categories":[8],"tags":[],"class_list":["post-101701","post","type-post","status-publish","format-standard","has-post-thumbnail","hentry","category-internacionales"],"_links":{"self":[{"href":"http:\/\/elcuartopoder.com.mx\/nw\/wp-json\/wp\/v2\/posts\/101701","targetHints":{"allow":["GET"]}}],"collection":[{"href":"http:\/\/elcuartopoder.com.mx\/nw\/wp-json\/wp\/v2\/posts"}],"about":[{"href":"http:\/\/elcuartopoder.com.mx\/nw\/wp-json\/wp\/v2\/types\/post"}],"author":[{"embeddable":true,"href":"http:\/\/elcuartopoder.com.mx\/nw\/wp-json\/wp\/v2\/users\/2"}],"replies":[{"embeddable":true,"href":"http:\/\/elcuartopoder.com.mx\/nw\/wp-json\/wp\/v2\/comments?post=101701"}],"version-history":[{"count":1,"href":"http:\/\/elcuartopoder.com.mx\/nw\/wp-json\/wp\/v2\/posts\/101701\/revisions"}],"predecessor-version":[{"id":101703,"href":"http:\/\/elcuartopoder.com.mx\/nw\/wp-json\/wp\/v2\/posts\/101701\/revisions\/101703"}],"wp:featuredmedia":[{"embeddable":true,"href":"http:\/\/elcuartopoder.com.mx\/nw\/wp-json\/wp\/v2\/media\/101702"}],"wp:attachment":[{"href":"http:\/\/elcuartopoder.com.mx\/nw\/wp-json\/wp\/v2\/media?parent=101701"}],"wp:term":[{"taxonomy":"category","embeddable":true,"href":"http:\/\/elcuartopoder.com.mx\/nw\/wp-json\/wp\/v2\/categories?post=101701"},{"taxonomy":"post_tag","embeddable":true,"href":"http:\/\/elcuartopoder.com.mx\/nw\/wp-json\/wp\/v2\/tags?post=101701"}],"curies":[{"name":"wp","href":"https:\/\/api.w.org\/{rel}","templated":true}]}}