{"id":101707,"date":"2022-01-25T18:56:37","date_gmt":"2022-01-25T23:56:37","guid":{"rendered":"http:\/\/elcuartopoder.com.mx\/nw\/?p=101707"},"modified":"2022-01-25T18:56:38","modified_gmt":"2022-01-25T23:56:38","slug":"asesores-rusos-ucranianos-franceses-y-alemanes-se-reuniran-el-miercoles-para-frenar-el-conflicto","status":"publish","type":"post","link":"http:\/\/elcuartopoder.com.mx\/nw\/destacadas\/asesores-rusos-ucranianos-franceses-y-alemanes-se-reuniran-el-miercoles-para-frenar-el-conflicto\/","title":{"rendered":"Asesores rusos, ucranianos, franceses y alemanes se reunir\u00e1n el mi\u00e9rcoles para frenar el conflicto"},"content":{"rendered":"\n<p class=\"wp-block-paragraph\">Se presta al presidente de Francia, Emmanuel Macron la intenci\u00f3n de proponer a Vlad\u00edmir Putin un \u00abcamino para la desescalada\u00bb en la crisis de Ucrania, tras una reuni\u00f3n en Par\u00eds de Francia, Alemania, Rusia y Ucrania, al nivel de consejeros diplom\u00e1ticos.<\/p>\n\n\n\n<p class=\"wp-block-paragraph\">A \u00faltima hora de la tarde del lunes, un portavoz oficial del El\u00edseo hizo este balance de urgencia de la crisis: \u00abEstamos muy preocupados por la evoluci\u00f3n del conflicto. Tambi\u00e9n estamos muy atentos y deseamos actuar sin crear ambig\u00fcedades ni volatilidad suplementarias\u00bb.<\/p>\n\n\n\n<p class=\"wp-block-paragraph\">Ante esa realidad ambigua y conflictiva, inflamable, Macron cree posible avanzar alguna f\u00f3rmula de desescalada recurriendo al &#8216;formato Normand\u00eda&#8217;, el modelo diplom\u00e1tico adoptado el 6 de junio de 2014, durante&nbsp;<strong>la celebraci\u00f3n del Desembarco aliado en Normand\u00eda<\/strong>, inici\u00e1ndose entonces un di\u00e1logo a cuatro, Rusia, Ucrania, Alemania y Francia, para intentar evitar la propagaci\u00f3n de la inconclusa guerra de Donbass en la frontera Este de Ucrania.<\/p>\n\n\n\n<p class=\"wp-block-paragraph\">El &#8216;formato Normand\u00eda&#8217; no ha dado en siete a\u00f1os y medio unos resultados espectaculares, ni mucho menos, pero Berl\u00edn y Par\u00eds<strong>&nbsp;lo han utilizado de manera recurrente<\/strong>&nbsp;para intentar ofrecer alternativas a la propagaci\u00f3n indefinida de la crisis al este de Ucrania.<\/p>\n\n\n\n<p class=\"wp-block-paragraph\">Macron debe celebrar<strong>&nbsp;una cena de trabajo<\/strong>, el martes, en Berl\u00edn, con el canciller Olaf Scholz, para abordar todos los grandes temas de la actualidad europea. Tras esa reuni\u00f3n, cumbre bilateral oficiosa, consejeros diplom\u00e1ticos rusos, ucranianos, alemanes y franceses se reunir\u00e1n en Par\u00eds el mi\u00e9rcoles, para intentar elaborar alguna f\u00f3rmula de distensi\u00f3n a cuatro.<\/p>\n\n\n\n<p class=\"wp-block-paragraph\">Si esa reuni\u00f3n de consejeros, siguiendo el &#8216;formato Normand\u00eda&#8217;, tuviese el \u00e9xito presumido, incluso modesto,&nbsp;<strong>Macron propondr\u00eda a Putin una v\u00eda de eventual desescalada<\/strong>, a caballo entre los distintos frentes diplom\u00e1ticos, d\u00edas m\u00e1s tarde.<\/p>\n\n\n\n<h3 class=\"wp-block-heading\">Di\u00e1logo bilateral<\/h3>\n\n\n\n<p class=\"wp-block-paragraph\">Desde su llegada al poder, el mes de mayo de 2017, Macron ha intentado en repetidas ocasiones&nbsp;<strong>un di\u00e1logo bilateral franco &#8211; ruso<\/strong>&nbsp;que nunca ha terminado por fructificar de manera muy tangible.<\/p>\n\n\n\n<p class=\"wp-block-paragraph\">Macron y Putin ya discutieron a mediados del mes de diciembre pasado sobre\u00a0la evoluci\u00f3n de la crisis ucraniana, sin llegar a ninguna conclusi\u00f3n tangible. El presidente ruso defendi\u00f3 entonces los \u00abesfuerzos\u00bb de la diplomacia rusa para \u00ab<strong>conseguir la estabilidad en Europa<\/strong>\u00bb. Macron, por su parte, defendi\u00f3 la \u00abintegridad territorial de Ucrania\u00bb.<\/p>\n\n\n\n<p class=\"wp-block-paragraph\">Infatigable, el presidente franc\u00e9s espera que la reuni\u00f3n de consejeros rusos, ucranianos, alemanes y franceses\u00a0<strong>permita facilitar las proposiciones de desescalada<\/strong>\u00a0que pudiera hacer \u00ablos pr\u00f3ximos d\u00edas\u00bb.<\/p>\n\n\n\n<p class=\"wp-block-paragraph\"><strong>Fuente:<\/strong> ABC<\/p>\n","protected":false},"excerpt":{"rendered":"<p>Se presta al presidente de Francia, Emmanuel Macron la intenci\u00f3n de proponer a Vlad\u00edmir Putin un \u00abcamino para la desescalada\u00bb en la crisis de Ucrania, tras una reuni\u00f3n en Par\u00eds de Francia, Alemania, Rusia y Ucrania, al nivel de consejeros diplom\u00e1ticos. A \u00faltima hora de la tarde del lunes, un portavoz oficial del El\u00edseo hizo [&hellip;]<\/p>\n","protected":false},"author":2,"featured_media":101708,"comment_status":"open","ping_status":"open","sticky":false,"template":"","format":"standard","meta":{"footnotes":""},"categories":[59],"tags":[],"class_list":["post-101707","post","type-post","status-publish","format-standard","has-post-thumbnail","hentry","category-destacadas"],"_links":{"self":[{"href":"http:\/\/elcuartopoder.com.mx\/nw\/wp-json\/wp\/v2\/posts\/101707","targetHints":{"allow":["GET"]}}],"collection":[{"href":"http:\/\/elcuartopoder.com.mx\/nw\/wp-json\/wp\/v2\/posts"}],"about":[{"href":"http:\/\/elcuartopoder.com.mx\/nw\/wp-json\/wp\/v2\/types\/post"}],"author":[{"embeddable":true,"href":"http:\/\/elcuartopoder.com.mx\/nw\/wp-json\/wp\/v2\/users\/2"}],"replies":[{"embeddable":true,"href":"http:\/\/elcuartopoder.com.mx\/nw\/wp-json\/wp\/v2\/comments?post=101707"}],"version-history":[{"count":1,"href":"http:\/\/elcuartopoder.com.mx\/nw\/wp-json\/wp\/v2\/posts\/101707\/revisions"}],"predecessor-version":[{"id":101709,"href":"http:\/\/elcuartopoder.com.mx\/nw\/wp-json\/wp\/v2\/posts\/101707\/revisions\/101709"}],"wp:featuredmedia":[{"embeddable":true,"href":"http:\/\/elcuartopoder.com.mx\/nw\/wp-json\/wp\/v2\/media\/101708"}],"wp:attachment":[{"href":"http:\/\/elcuartopoder.com.mx\/nw\/wp-json\/wp\/v2\/media?parent=101707"}],"wp:term":[{"taxonomy":"category","embeddable":true,"href":"http:\/\/elcuartopoder.com.mx\/nw\/wp-json\/wp\/v2\/categories?post=101707"},{"taxonomy":"post_tag","embeddable":true,"href":"http:\/\/elcuartopoder.com.mx\/nw\/wp-json\/wp\/v2\/tags?post=101707"}],"curies":[{"name":"wp","href":"https:\/\/api.w.org\/{rel}","templated":true}]}}