{"id":101710,"date":"2022-01-25T18:59:26","date_gmt":"2022-01-25T23:59:26","guid":{"rendered":"http:\/\/elcuartopoder.com.mx\/nw\/?p=101710"},"modified":"2022-01-25T18:59:28","modified_gmt":"2022-01-25T23:59:28","slug":"biden-estudia-enviar-5-000-soldados-a-europa-del-este-y-la-ue-una-mision-militar-a-ucrania","status":"publish","type":"post","link":"http:\/\/elcuartopoder.com.mx\/nw\/internacionales\/biden-estudia-enviar-5-000-soldados-a-europa-del-este-y-la-ue-una-mision-militar-a-ucrania\/","title":{"rendered":"Biden estudia enviar 5.000 soldados a Europa del Este, y la UE, una misi\u00f3n militar a Ucrania"},"content":{"rendered":"\n<p class=\"wp-block-paragraph\">El presidente de Estados Unidos, Joe Biden, estudia desde el pasado fin de semana el despliegue de hasta 5.000 soldados a pa\u00edses aliados de la Alianza Atl\u00e1ntica en el este de Europa y el B\u00e1ltico adem\u00e1s de buques y aviones de guerra, seg\u00fan han informado citando fuentes an\u00f3nimas de la Casa Blanca el diario The New York Times y la radio p\u00fablica NPR.<\/p>\n\n\n\n<p class=\"wp-block-paragraph\">Joe Biden pas\u00f3 el fin de semana en la residencia presidencial de Camp David con su equipo de Seguridad Nacional y la c\u00fapula militar, y analiz\u00f3 posibles escenarios de respuesta a una inminente invasi\u00f3n rusa de Ucrania. Desde hace meses, Vlad\u00edmir Putin ha ido amasando tropas ante las fronteras de Ucrania, aunque el Kremlin niega que vaya a invadir.<\/p>\n\n\n\n<p class=\"wp-block-paragraph\">El Pent\u00e1gono puso ayer en alerta a 8.500 soldados estadounidenses por un posible despliegue en&nbsp;<strong>Europa del Este&nbsp;<\/strong>y ante el aumento de la tensi\u00f3n en Ucrania, seg\u00fan dijo el portavoz del Pent\u00e1gono,&nbsp;<strong>John Kirby<\/strong>, en conferencia de prensa. El secretario de Defensa de EE.UU.,&nbsp;<strong>Lloyd Austin<\/strong>, orden\u00f3 a las tropas que est\u00e9n preparadas para el despliegue inmediato. Kirby dijo que la mayor\u00eda de las tropas estadounidenses se encargar\u00edan, si se movilizan, de reforzar a la Fuerza de Respuesta de la OTAN, pero dijo que el presidente Joe Biden tambi\u00e9n ha dicho que quiere estar \u00abpreparado para cualquier otra contingencia\u00bb.<\/p>\n\n\n\n<p class=\"wp-block-paragraph\">\u00abEE.UU. ha ordenado la preparaci\u00f3n de sus fuerzas dentro del pa\u00eds y en el extranjero, por lo que estas est\u00e1n preparadas para responder a una variedad de contingencias, incluido el apoyo a la Fuerza de Respuesta de la OTAN si se activa\u00bb, dijo Kirby. Se\u00f1al\u00f3 este portavoz que la llamada Fuerza de Respuesta de la OTAN comprende alrededor de 40.000 tropas multinacionales.<\/p>\n\n\n\n<p class=\"wp-block-paragraph\">Adem\u00e1s,&nbsp;<strong>Biden ha mantenido este lunes una videoconferencia<\/strong>&nbsp;en la sala de crisis de la Casa Blanca con sus hom\u00f3logos en la Uni\u00f3n Europea, Francia, Alemania, Italia, Polonia y el Reino Unido, as\u00ed como con el Secretario General de la OTAN,&nbsp;<strong>Jens Stoltenberg<\/strong>.<\/p>\n\n\n\n<p class=\"wp-block-paragraph\">Hasta ahora, Biden ha advertido solo de sanciones econ\u00f3micas si el Kremlin invade de nuevo Ucrania, como hizo ya en 2014&nbsp;<strong>para anexionarse la pen\u00ednsula de Crimea<\/strong>. Seg\u00fan los medios antes citados, el posible env\u00edo de tropas responde al fracaso de las negociaciones diplom\u00e1ticas bilaterales sobre Ucrania entre Rusia y EE.UU. la semana pasada.<\/p>\n\n\n\n<h3 class=\"wp-block-heading\">Decenas de miles de soldados<\/h3>\n\n\n\n<p class=\"wp-block-paragraph\">Los miles de soldados estadounidense \u2014entre 1.000 y 5.000, seg\u00fan los medios antes citados\u2014 podr\u00edan&nbsp;<strong>acudir a bases de la OTAN&nbsp;<\/strong>en las que ya hay soldados estadounidenses.<\/p>\n\n\n\n<p class=\"wp-block-paragraph\">Adem\u00e1s EE.UU. ya tiene decenas de miles de tropas en bases en Europa, incluidas las que hay en Espa\u00f1a, Alemania e Italia, y Biden podr\u00eda&nbsp;<strong>movilizar a esos soldados&nbsp;<\/strong>ya desplegados. Seg\u00fan la radio NPR las tropas podr\u00edas acudir a Polonia o Ruman\u00eda.<\/p>\n\n\n\n<p class=\"wp-block-paragraph\">Tras amasar sus tropas ante Ucrania, el Kremlin difundi\u00f3 a finales de 2021 una propuesta de acuerdo con los miembros de la OTAN y&nbsp;<strong>un borrador de tratado bilateral<\/strong>&nbsp;entre Rusia y EE.UU. En virtud de ambos, la Alianza Atl\u00e1ntica tendr\u00eda que acceder a suspender todos los planes de membres\u00eda, no solamente con Ucrania, sino de antiguas rep\u00fablicas o sat\u00e9lites sovi\u00e9ticos.<\/p>\n\n\n\n<p class=\"wp-block-paragraph\">Tambi\u00e9n deber\u00eda poner fin a cualquier&nbsp;<strong>ejercicio militar conjunto&nbsp;<\/strong>cerca de las fronteras rusas. A cambio, el Kremlin dice que rebajar\u00eda la tensi\u00f3n, retirar\u00eda las tropas de Ucrania y respetar\u00eda otros compromisos internacionales de desarme y prevenci\u00f3n de conflictos.<\/p>\n\n\n\n<p class=\"wp-block-paragraph\">Finalmente, Mosc\u00fa lanz\u00f3 la semana un ultim\u00e1tum a los socios atl\u00e1nticos encabezados por EE.UU.: que esta semana respondan a esas exigencias y que&nbsp;<strong>lo hagan adem\u00e1s por escrito<\/strong>. El jefe diplom\u00e1tico de EE.UU., Antony Blinken, acept\u00f3 las condiciones en una reuni\u00f3n mantenida en Ginebra con su hom\u00f3logo ruso, Serg\u00e9i Lavrov.<\/p>\n\n\n\n<h3 class=\"wp-block-heading\">Mejorar a las fuerzas ucranianas<\/h3>\n\n\n\n<p class=\"wp-block-paragraph\">Los ministros de Asuntos Exteriores europeos han estudiado la creaci\u00f3n de una&nbsp;<strong>misi\u00f3n militar para enviar a Ucrania&nbsp;<\/strong>y ayudar a este pa\u00eds a mejorar el funcionamiento de sus fuerzas armadas, seg\u00fan acaba de anunciar el Alto Representante para la pol\u00edtica exterior europea,&nbsp;<strong>Josep Borrell<\/strong>, al t\u00e9rmino de una reuni\u00f3n en Bruselas.<\/p>\n\n\n\n<p class=\"wp-block-paragraph\">Borrell ha aclarado que la decisi\u00f3n no se ha adoptado todav\u00eda, pero que espera que<strong>\u00a0lo sea \u00abmuy pronto\u00bb<\/strong>\u00a0y mientras tanto ha afirmado que los preparativos para crearlas van a empezar cuanto antes.<\/p>\n\n\n\n<p class=\"wp-block-paragraph\">Tambi\u00e9n se le orece a Ucrania ayuda contra los ciberataques con recursos proporcionados por los pa\u00edses miembros y coordinados por la UE y&nbsp;<strong>35 millones de euros<\/strong>&nbsp;para incrementar la resistencia log\u00edstica del Ej\u00e9rcito Ucraniano.<\/p>\n\n\n\n<p class=\"wp-block-paragraph\">Adem\u00e1s, la Uni\u00f3n Europea va a donar\u00a0<strong>1.200 millones\u00a0<\/strong>de euros como asistencia econ\u00f3mica al Gobierno ucraniano.<\/p>\n\n\n\n<p class=\"wp-block-paragraph\"><strong>Fuente:<\/strong> ABC<\/p>\n","protected":false},"excerpt":{"rendered":"<p>El presidente de Estados Unidos, Joe Biden, estudia desde el pasado fin de semana el despliegue de hasta 5.000 soldados a pa\u00edses aliados de la Alianza Atl\u00e1ntica en el este de Europa y el B\u00e1ltico adem\u00e1s de buques y aviones de guerra, seg\u00fan han informado citando fuentes an\u00f3nimas de la Casa Blanca el diario The [&hellip;]<\/p>\n","protected":false},"author":2,"featured_media":101711,"comment_status":"open","ping_status":"open","sticky":false,"template":"","format":"standard","meta":{"footnotes":""},"categories":[8],"tags":[],"class_list":["post-101710","post","type-post","status-publish","format-standard","has-post-thumbnail","hentry","category-internacionales"],"_links":{"self":[{"href":"http:\/\/elcuartopoder.com.mx\/nw\/wp-json\/wp\/v2\/posts\/101710","targetHints":{"allow":["GET"]}}],"collection":[{"href":"http:\/\/elcuartopoder.com.mx\/nw\/wp-json\/wp\/v2\/posts"}],"about":[{"href":"http:\/\/elcuartopoder.com.mx\/nw\/wp-json\/wp\/v2\/types\/post"}],"author":[{"embeddable":true,"href":"http:\/\/elcuartopoder.com.mx\/nw\/wp-json\/wp\/v2\/users\/2"}],"replies":[{"embeddable":true,"href":"http:\/\/elcuartopoder.com.mx\/nw\/wp-json\/wp\/v2\/comments?post=101710"}],"version-history":[{"count":1,"href":"http:\/\/elcuartopoder.com.mx\/nw\/wp-json\/wp\/v2\/posts\/101710\/revisions"}],"predecessor-version":[{"id":101712,"href":"http:\/\/elcuartopoder.com.mx\/nw\/wp-json\/wp\/v2\/posts\/101710\/revisions\/101712"}],"wp:featuredmedia":[{"embeddable":true,"href":"http:\/\/elcuartopoder.com.mx\/nw\/wp-json\/wp\/v2\/media\/101711"}],"wp:attachment":[{"href":"http:\/\/elcuartopoder.com.mx\/nw\/wp-json\/wp\/v2\/media?parent=101710"}],"wp:term":[{"taxonomy":"category","embeddable":true,"href":"http:\/\/elcuartopoder.com.mx\/nw\/wp-json\/wp\/v2\/categories?post=101710"},{"taxonomy":"post_tag","embeddable":true,"href":"http:\/\/elcuartopoder.com.mx\/nw\/wp-json\/wp\/v2\/tags?post=101710"}],"curies":[{"name":"wp","href":"https:\/\/api.w.org\/{rel}","templated":true}]}}