{"id":101953,"date":"2022-01-30T11:16:07","date_gmt":"2022-01-30T16:16:07","guid":{"rendered":"http:\/\/elcuartopoder.com.mx\/nw\/?p=101953"},"modified":"2022-01-30T11:16:08","modified_gmt":"2022-01-30T16:16:08","slug":"joe-biden-anuncia-que-enviara-tropas-al-este-de-europa-a-corto-plazo","status":"publish","type":"post","link":"http:\/\/elcuartopoder.com.mx\/nw\/internacionales\/joe-biden-anuncia-que-enviara-tropas-al-este-de-europa-a-corto-plazo\/","title":{"rendered":"Joe Biden anuncia que enviar\u00e1 tropas al este de Europa \u00aba corto plazo\u00bb"},"content":{"rendered":"\n<p>EE.UU. busca en la crisis de Ucrania mantener un dif\u00edcil equilibrio entre dejar la puerta abierta a la diplomacia con Rusia y avisar de que si da el paso de la invasi\u00f3n, las sanciones econ\u00f3micas y la respuesta militar estar\u00e1n listas.<\/p>\n\n\n\n<p><strong>El presidente Joe Biden\u00a0<\/strong>ha insistido este fin de semana en que el ej\u00e9rcito estadounidense desplegar\u00e1 tropas adicionales en Europa del Este en un futuro pr\u00f3ximo. Ya lo avis\u00f3 al comienzo de la semana y ha insistido en ello, pero con vaguedad, sin dar detalles, mientras los esfuerzos diplom\u00e1ticos \u2013tanto de su Administraci\u00f3n como de aliados europeos, como Francia y su presidente Emmanuel Macron\u2013 siguen adelante.<\/p>\n\n\n\n<p>\u00abVoy a desplegar tropas en el Este de Europa y en los pa\u00edses de la OTAN a corto plazo\u00bb, dijo el viernes&nbsp;<strong>desde la base militar de Joint Andrews,<\/strong>&nbsp;tras regresar de una visita a Pittsburgh (Pensilvania).<\/p>\n\n\n\n<p>\u00abPero no muchas\u00bb, se limit\u00f3 a decir sobre el contingente.<\/p>\n\n\n\n<p>El presidente de EE.UU. tampoco dio detalles sobre qu\u00e9 pa\u00edses en concreto recibir\u00edan a los soldados, aunque \u00e9l y su Administraci\u00f3n han descartado en varias ocasiones que el despliegue vaya a ser en el propio territorio de Ucrania.<\/p>\n\n\n\n<p>Esta semana, el Pent\u00e1gono anunci\u00f3 que ha puesto a 8.500 soldados en situaci\u00f3n de \u00abm\u00e1xima alerta\u00bb por si un despliegue es necesario de forma inminente. El contingente engrosar\u00eda la fuerza de respuesta de la OTAN, que contar\u00eda con un total de 40.000 efectivos.<\/p>\n\n\n\n<p>Las autoridades militares han insistido en las \u00faltimas horas en que&nbsp;<strong>el reforzamiento militar de Rusia en regiones lim\u00edtrofes con Ucrania es muy preocupante<\/strong>. \u00abDado el tipo de fuerzas que han acumulado, las fuerzas terrestres, la artiller\u00eda, los misiles, las fuerzas a\u00e9reas, todo junto, si eso se lanzara contra Ucrania ser\u00eda muy significativo. Resultar\u00eda en una cantidad importante de v\u00edctimas y es f\u00e1cil imaginarse el impacto en zonas urbanas densas, carreteras y dem\u00e1s\u00bb, explic\u00f3 el jefe del Estado Mayor,&nbsp;<strong>el general Mark Milley<\/strong>, en una comparecencia junto&nbsp;<strong>al secretario de Defensa, Lloyd Austin<\/strong>. \u00abSer\u00eda horrible\u00bb.<\/p>\n\n\n\n<p>Milley asegur\u00f3 que la presencia militar desplegada por Rusia en la frontera con Ucrania es algo que no hay visto en sus cuatro d\u00e9cadas de carrera militar. \u00abTienes que volver hasta los tiempos de la Guerra Fr\u00eda para ver algo de esta magnitud\u00bb, dijo sobre el despliegue ruso. \u00abEsto parece diferente a lo que hemos visto en el pasado\u00bb, a\u00f1adi\u00f3 el jefe militar. \u00abEs m\u00e1s grande en tama\u00f1o y objetivos, y la acumulaci\u00f3n de tropas no es comparable a nada reciente\u00bb.<\/p>\n\n\n\n<p>Austin defendi\u00f3 que Rusia \u00abclaramente tiene ahora la&nbsp;<strong>capacidad\u00bb de invadir Ucrania<\/strong>&nbsp;y controlar territorios amplios del pa\u00eds. La capital, Kiev, est\u00e1 a solo 225 kil\u00f3metros de la frontera con Bielorrusia, donde el ej\u00e9rcito ruso ha desarrollado maniobras militares conjuntas. Para Austin, el n\u00famero de tropas estacionadas en las inmediaciones de la frontera con Ucrania \u00abexceden en mucho las que normalmente se registran en ejercicios militares\u00bb.<\/p>\n\n\n\n<p>Austin a\u00f1adi\u00f3 que no cree que el presidente de Rusia,&nbsp;<strong>Vladimir Putin,&nbsp;<\/strong>haya llegado a una determinaci\u00f3n sobre si atacar o no, pero s\u00ed que<strong>&nbsp;est\u00e1 en condiciones de hacerlo<\/strong>. En ese contexto, insisti\u00f3 en el compromiso de EE.UU. para \u00abayudar a Ucrania a defender con material de seguridad\u00bb. La primera potencia mundial ha intensificado el env\u00edo de equipamiento militar a Kiev en las \u00faltimas semanas.<\/p>\n\n\n\n<h3 class=\"wp-block-heading\">Una guerra evitable<\/h3>\n\n\n\n<p>Tanto Austin como Milley han insistido en que la guerra \u00abno es inevitable\u00bb y que&nbsp;<strong>Putin puede y debe tomar el camino de la diplomacia.&nbsp;<\/strong>Rusia, a trav\u00e9s de su ministro de Exteriores, ha insistido en que no habr\u00e1 guerra \u00absi eso depende de la Federaci\u00f3n Rusa\u00bb, pero que ni EE.UU. ni sus aliados de la OTAN han escuchado sus exigencias sobre seguridad en Europa del Este: en esencia, que la alianza militar occidental no se extienda a Ucrania ni otros pa\u00edses de su entorno. La posici\u00f3n de EE.UU. es que la decisi\u00f3n sobre entrar o no en la OTAN \u2013el Gobierno de Ucrania y su presidente lo tienen como objetivo\u2013 es una decisi\u00f3n soberana de cada pa\u00eds. Esta semana, EE.UU. envi\u00f3 una respuesta escrita al Kremlin en la que respond\u00eda a estas peticiones e insist\u00eda en el principio fundamental del respeto a la integridad territorial y a la soberan\u00eda de Ucrania.<\/p>\n\n\n\n<p>Ma\u00f1ana est\u00e1 previsto que se celebre una reuni\u00f3n del Consejo de Seguridad de Naciones Unidas, a petici\u00f3n de EE.UU., para tratar la situaci\u00f3n en Ucrania. Washington busca que haya una mayor presi\u00f3n internacional para que Putin acepte una desescalada de la tensi\u00f3n. Nada indica que la reuni\u00f3n vaya a provocar cambios, m\u00e1s all\u00e1 de cimentar la posici\u00f3n de cada parte y comprobar qu\u00e9 postura toma China, que por ahora ha defendido las exigencias de seguridad de Rusia. Uno de los principales diplom\u00e1ticos rusos ante la ONU, Dimitri Polianski, asegur\u00f3 que la reuni\u00f3n \u2013en formato abierto y con la presencia de Ucrania\u2013 es \u00abun claro montaje propagand\u00edstico\u00bb.<\/p>\n\n\n\n<p><strong>Fuente:<\/strong> ABC<\/p>\n","protected":false},"excerpt":{"rendered":"<p>EE.UU. busca en la crisis de Ucrania mantener un dif\u00edcil equilibrio entre dejar la puerta abierta a la diplomacia con Rusia y avisar de que si da el paso de la invasi\u00f3n, las sanciones econ\u00f3micas y la respuesta militar estar\u00e1n listas. El presidente Joe Biden\u00a0ha insistido este fin de semana en que el ej\u00e9rcito estadounidense [&hellip;]<\/p>\n","protected":false},"author":2,"featured_media":101954,"comment_status":"open","ping_status":"open","sticky":false,"template":"","format":"standard","meta":{"footnotes":""},"categories":[8],"tags":[],"class_list":["post-101953","post","type-post","status-publish","format-standard","has-post-thumbnail","hentry","category-internacionales"],"_links":{"self":[{"href":"http:\/\/elcuartopoder.com.mx\/nw\/wp-json\/wp\/v2\/posts\/101953","targetHints":{"allow":["GET"]}}],"collection":[{"href":"http:\/\/elcuartopoder.com.mx\/nw\/wp-json\/wp\/v2\/posts"}],"about":[{"href":"http:\/\/elcuartopoder.com.mx\/nw\/wp-json\/wp\/v2\/types\/post"}],"author":[{"embeddable":true,"href":"http:\/\/elcuartopoder.com.mx\/nw\/wp-json\/wp\/v2\/users\/2"}],"replies":[{"embeddable":true,"href":"http:\/\/elcuartopoder.com.mx\/nw\/wp-json\/wp\/v2\/comments?post=101953"}],"version-history":[{"count":1,"href":"http:\/\/elcuartopoder.com.mx\/nw\/wp-json\/wp\/v2\/posts\/101953\/revisions"}],"predecessor-version":[{"id":101955,"href":"http:\/\/elcuartopoder.com.mx\/nw\/wp-json\/wp\/v2\/posts\/101953\/revisions\/101955"}],"wp:featuredmedia":[{"embeddable":true,"href":"http:\/\/elcuartopoder.com.mx\/nw\/wp-json\/wp\/v2\/media\/101954"}],"wp:attachment":[{"href":"http:\/\/elcuartopoder.com.mx\/nw\/wp-json\/wp\/v2\/media?parent=101953"}],"wp:term":[{"taxonomy":"category","embeddable":true,"href":"http:\/\/elcuartopoder.com.mx\/nw\/wp-json\/wp\/v2\/categories?post=101953"},{"taxonomy":"post_tag","embeddable":true,"href":"http:\/\/elcuartopoder.com.mx\/nw\/wp-json\/wp\/v2\/tags?post=101953"}],"curies":[{"name":"wp","href":"https:\/\/api.w.org\/{rel}","templated":true}]}}