{"id":102662,"date":"2022-02-10T15:35:39","date_gmt":"2022-02-10T20:35:39","guid":{"rendered":"http:\/\/elcuartopoder.com.mx\/nw\/?p=102662"},"modified":"2022-02-10T15:35:41","modified_gmt":"2022-02-10T20:35:41","slug":"dictan-10-anos-de-carcel-a-exmando-de-la-policia-federal-por-distribucion-internacional-de-cocaina","status":"publish","type":"post","link":"http:\/\/elcuartopoder.com.mx\/nw\/nacionales\/dictan-10-anos-de-carcel-a-exmando-de-la-policia-federal-por-distribucion-internacional-de-cocaina\/","title":{"rendered":"Dictan 10 a\u00f1os de c\u00e1rcel a exmando de la Polic\u00eda Federal por distribuci\u00f3n internacional de coca\u00edna"},"content":{"rendered":"\n<p class=\"wp-block-paragraph\">v\u00e1n Reyes Arzate, exmando de la Polic\u00eda Federal, fue sentenciado por un juez de Estados Unidos a 10 a\u00f1os de c\u00e1rcel por distribuci\u00f3n internacional de coca\u00edna.<\/p>\n\n\n\n<p class=\"wp-block-paragraph\">De acuerdo con medios estadounidenses, Iv\u00e1n Reyes presuntamente le dijo al juez de Nueva York, que lamentaba sus acciones y que se disculpaba con las familias afectadas por el delito.<\/p>\n\n\n\n<p class=\"wp-block-paragraph\">Mientras que el juez Brian Cogan, impuso la sentencia de 10 a\u00f1os contra el exmando de la Polic\u00eda Federal, adem\u00e1s de que le pidi\u00f3 que pagara los 290 mil d\u00f3lares&nbsp;que supuestamente recibi\u00f3 de un grupo delictivo.<\/p>\n\n\n\n<p class=\"wp-block-paragraph\">Cabe recordar que Iv\u00e1n Reyes se declar\u00f3 culpable de narcotr\u00e1fico&nbsp;en octubre ante el juez Cogan.&nbsp;<\/p>\n\n\n\n<p class=\"wp-block-paragraph\">Fuente: El Financiero\/Foto:Archivo\/jdm<\/p>\n\n\n\n<p class=\"wp-block-paragraph\">fuente: https:\/\/www.xeu.mx\/nota.cfm?id=1200294&amp;t=dictan-10-anos-de-carcel-a-exmando-de-la-policia-federal-por-distribucion-internacional-de-cocaina<\/p>\n","protected":false},"excerpt":{"rendered":"<p>v\u00e1n Reyes Arzate, exmando de la Polic\u00eda Federal, fue sentenciado por un juez de Estados Unidos a 10 a\u00f1os de c\u00e1rcel por distribuci\u00f3n internacional de coca\u00edna. De acuerdo con medios estadounidenses, Iv\u00e1n Reyes presuntamente le dijo al juez de Nueva York, que lamentaba sus acciones y que se disculpaba con las familias afectadas por el [&hellip;]<\/p>\n","protected":false},"author":2,"featured_media":102663,"comment_status":"open","ping_status":"open","sticky":false,"template":"","format":"standard","meta":{"footnotes":""},"categories":[55],"tags":[],"class_list":["post-102662","post","type-post","status-publish","format-standard","has-post-thumbnail","hentry","category-nacionales"],"_links":{"self":[{"href":"http:\/\/elcuartopoder.com.mx\/nw\/wp-json\/wp\/v2\/posts\/102662","targetHints":{"allow":["GET"]}}],"collection":[{"href":"http:\/\/elcuartopoder.com.mx\/nw\/wp-json\/wp\/v2\/posts"}],"about":[{"href":"http:\/\/elcuartopoder.com.mx\/nw\/wp-json\/wp\/v2\/types\/post"}],"author":[{"embeddable":true,"href":"http:\/\/elcuartopoder.com.mx\/nw\/wp-json\/wp\/v2\/users\/2"}],"replies":[{"embeddable":true,"href":"http:\/\/elcuartopoder.com.mx\/nw\/wp-json\/wp\/v2\/comments?post=102662"}],"version-history":[{"count":1,"href":"http:\/\/elcuartopoder.com.mx\/nw\/wp-json\/wp\/v2\/posts\/102662\/revisions"}],"predecessor-version":[{"id":102664,"href":"http:\/\/elcuartopoder.com.mx\/nw\/wp-json\/wp\/v2\/posts\/102662\/revisions\/102664"}],"wp:featuredmedia":[{"embeddable":true,"href":"http:\/\/elcuartopoder.com.mx\/nw\/wp-json\/wp\/v2\/media\/102663"}],"wp:attachment":[{"href":"http:\/\/elcuartopoder.com.mx\/nw\/wp-json\/wp\/v2\/media?parent=102662"}],"wp:term":[{"taxonomy":"category","embeddable":true,"href":"http:\/\/elcuartopoder.com.mx\/nw\/wp-json\/wp\/v2\/categories?post=102662"},{"taxonomy":"post_tag","embeddable":true,"href":"http:\/\/elcuartopoder.com.mx\/nw\/wp-json\/wp\/v2\/tags?post=102662"}],"curies":[{"name":"wp","href":"https:\/\/api.w.org\/{rel}","templated":true}]}}