{"id":103026,"date":"2022-02-20T22:11:54","date_gmt":"2022-02-21T03:11:54","guid":{"rendered":"http:\/\/elcuartopoder.com.mx\/nw\/?p=103026"},"modified":"2022-02-20T22:11:56","modified_gmt":"2022-02-21T03:11:56","slug":"claves-para-lidiar-con-hijos-adolescentes-desde-la-serenidad","status":"publish","type":"post","link":"http:\/\/elcuartopoder.com.mx\/nw\/varios\/claves-para-lidiar-con-hijos-adolescentes-desde-la-serenidad\/","title":{"rendered":"Claves para lidiar con hijos adolescentes desde la serenidad"},"content":{"rendered":"\n<h2 class=\"wp-block-heading\">Se trata de un per\u00edodo de mayor inestabilidad emocional y desapego familiar, en el que los j\u00f3venes buscan su independencia<\/h2>\n\n\n\n<p>La adolescencia es una etapa temida para muchos padres que ven c\u00f3mo sus hijos experimentan no solo cambios f\u00edsicos, sino tambi\u00e9n psicol\u00f3gicos y sociales.&nbsp;<strong>Se trata de un per\u00edodo de mayor inestabilidad emocional y desapego familiar, en el que los j\u00f3venes buscan su independencia.<\/strong><a href=\"https:\/\/nanasandco.com\/\" target=\"_blank\" rel=\"noreferrer noopener\">&nbsp;Nanas &amp; Co<\/a>, empresa de selecci\u00f3n de personal dom\u00e9stico, sugiere c\u00f3mo hacer frente a este proceso de la manera m\u00e1s adecuada, y que los hijos afronten el paso a la edad adulta con serenidad y estabilidad.<\/p>\n\n\n\n<p><strong>Paciencia.<\/strong>&nbsp;Como todo en la vida, esta fase tambi\u00e9n pasar\u00e1. Cada hijo superar\u00e1 la adolescencia, incluso negar\u00e1 haberla pasado con el paso de los a\u00f1os, o minimizar\u00e1 las consecuencias de sus constantes cambios de humor y su revoluci\u00f3n hormonal.<\/p>\n\n\n\n<p><strong><a href=\"https:\/\/www.abc.es\/familia\/padres-hijos\/abci-adolescentes-casa-bueno-hijo-pruebe-cerveza-conmigo-202102191031_noticia.html\" target=\"_blank\" rel=\"noreferrer noopener\">No tiene por qu\u00e9 ser una etapa negativa<\/a><\/strong><\/p>\n\n\n\n<p><strong>.<\/strong>&nbsp;Es una \u00e9poca que se vive con cierta nostalgia al ver crecer tan r\u00e1pido a los reto\u00f1os, pero ese sentimiento no debe confundir. Se debe apreciar la adolescencia como una etapa alegre y motivadora y tambi\u00e9n, liberadora para padres y madres.<\/p>\n\n\n\n<p><strong><a href=\"https:\/\/www.abc.es\/familia\/padres-hijos\/abci-tres-preguntas-confirman-hijo-adolescente-conflictivo-202009141054_noticia.html\" target=\"_blank\" rel=\"noreferrer noopener\">No es personal<\/a>.<\/strong>&nbsp;La rebeld\u00eda hacia la autoridad es una caracter\u00edstica normal de la adolescencia. Esto no quiere decir que se pasen por alto faltas de respeto, pero ayudar\u00e1 a relativizar y minimizar ciertos desencuentros. Existen estrategias como no dejar que hablen con sus amigos por unas horas hasta que demuestren que pueden conducirse con respeto. En cada oportunidad que se presente, hay que preguntarse qu\u00e9 es lo que se desea ense\u00f1ar a los hijos en ese momento.<\/p>\n\n\n\n<p><strong>Empat\u00eda.&nbsp;<\/strong>Es importante recordar c\u00f3mo se era hace algunos a\u00f1os, cuando tambi\u00e9n cada uno estaba en plena fase de crecimiento. Hay que tratar de controlar las emociones e intentar comprender a los hijos, poni\u00e9ndose en su lugar. Los miedos, las dudas, intrigas e inquietudes que les van a asaltar en esta etapa evolutiva van a requerir un apoyo incondicional por parte de los padres y c\u00f3mo lo hagan va a ser la clave para ganarse su confianza.<\/p>\n\n\n\n<p><strong>Comunicaci\u00f3n.<\/strong>&nbsp;Es la base de cualquier relaci\u00f3n. La escucha activa debe ser la mejor herramienta para llegar a ellos, no se trata de o\u00edr sino de escuchar; de este modo, se reforzar\u00e1n las relaciones interfamiliares y se evitar\u00e1n conflictos y situaciones complejas. Adem\u00e1s, no hay que perder de vista la comunicaci\u00f3n no verbal, pues en esta fase de crecimiento es fundamental.<\/p>\n\n\n\n<p><strong>Reconocimiento y valor.<\/strong>&nbsp;Es necesario mirar con atenci\u00f3n, validar las cosas que les funcionan y sobre todo, no insistir constantemente en lo que hacen mal.<\/p>\n\n\n\n<p><strong>No hay que comparar.<\/strong>&nbsp;No necesariamente los hijos pasar\u00e1n de igual modo de la adolescencia a la edad adulta. Hay que evitar cualquier tipo de comparaci\u00f3n con otros, esto aumentar\u00e1 su resentimiento y confirmar\u00e1 su constante idea de que no se les entiende.<\/p>\n\n\n\n<p><strong>Pedir su opini\u00f3n.<\/strong>\u00a0Hay que preguntarle qu\u00e9 opina cuando surgen temas familiares, sobre cultura, pol\u00edtica, sociedad\u2026 Para un adolescente es fundamental que sepa que para sus padres ya no es un ni\u00f1o.<\/p>\n\n\n\n<p>fuente: ABC.es<\/p>\n","protected":false},"excerpt":{"rendered":"<p>Se trata de un per\u00edodo de mayor inestabilidad emocional y desapego familiar, en el que los j\u00f3venes buscan su independencia La adolescencia es una etapa temida para muchos padres que ven c\u00f3mo sus hijos experimentan no solo cambios f\u00edsicos, sino tambi\u00e9n psicol\u00f3gicos y sociales.&nbsp;Se trata de un per\u00edodo de mayor inestabilidad emocional y desapego familiar, [&hellip;]<\/p>\n","protected":false},"author":2,"featured_media":103027,"comment_status":"open","ping_status":"open","sticky":false,"template":"","format":"standard","meta":{"footnotes":""},"categories":[64],"tags":[],"class_list":["post-103026","post","type-post","status-publish","format-standard","has-post-thumbnail","hentry","category-varios"],"_links":{"self":[{"href":"http:\/\/elcuartopoder.com.mx\/nw\/wp-json\/wp\/v2\/posts\/103026","targetHints":{"allow":["GET"]}}],"collection":[{"href":"http:\/\/elcuartopoder.com.mx\/nw\/wp-json\/wp\/v2\/posts"}],"about":[{"href":"http:\/\/elcuartopoder.com.mx\/nw\/wp-json\/wp\/v2\/types\/post"}],"author":[{"embeddable":true,"href":"http:\/\/elcuartopoder.com.mx\/nw\/wp-json\/wp\/v2\/users\/2"}],"replies":[{"embeddable":true,"href":"http:\/\/elcuartopoder.com.mx\/nw\/wp-json\/wp\/v2\/comments?post=103026"}],"version-history":[{"count":1,"href":"http:\/\/elcuartopoder.com.mx\/nw\/wp-json\/wp\/v2\/posts\/103026\/revisions"}],"predecessor-version":[{"id":103028,"href":"http:\/\/elcuartopoder.com.mx\/nw\/wp-json\/wp\/v2\/posts\/103026\/revisions\/103028"}],"wp:featuredmedia":[{"embeddable":true,"href":"http:\/\/elcuartopoder.com.mx\/nw\/wp-json\/wp\/v2\/media\/103027"}],"wp:attachment":[{"href":"http:\/\/elcuartopoder.com.mx\/nw\/wp-json\/wp\/v2\/media?parent=103026"}],"wp:term":[{"taxonomy":"category","embeddable":true,"href":"http:\/\/elcuartopoder.com.mx\/nw\/wp-json\/wp\/v2\/categories?post=103026"},{"taxonomy":"post_tag","embeddable":true,"href":"http:\/\/elcuartopoder.com.mx\/nw\/wp-json\/wp\/v2\/tags?post=103026"}],"curies":[{"name":"wp","href":"https:\/\/api.w.org\/{rel}","templated":true}]}}