{"id":103033,"date":"2022-02-21T09:40:13","date_gmt":"2022-02-21T14:40:13","guid":{"rendered":"http:\/\/elcuartopoder.com.mx\/nw\/?p=103033"},"modified":"2022-02-21T03:08:00","modified_gmt":"2022-02-21T08:08:00","slug":"psicologia-del-color-que-esconden-los-que-visten-de-negro","status":"publish","type":"post","link":"http:\/\/elcuartopoder.com.mx\/nw\/varios\/psicologia-del-color-que-esconden-los-que-visten-de-negro\/","title":{"rendered":"Psicolog\u00eda del color: qu\u00e9 esconden los que visten de negro"},"content":{"rendered":"\n<h2 class=\"wp-block-heading\">Utilizar el negro en la vestimenta o decoraci\u00f3n desvela muchos aspectos de nuestra personalidad<\/h2>\n\n\n\n<p>El negro no es un color primario, secundario ni terciario. De hecho, tanto el&nbsp;<strong>negro&nbsp;<\/strong>como el blanco no se consideran colores porque, por un lado, la luz blanca comprende todas las tonalidades del espectro de luz visible mientras que el negro absorbe toda la luz de ese mismo espectro de color.<\/p>\n\n\n\n<p>No obstante, pese a que se les considera tonos, no colores, el negro se estudia mucho en psicolog\u00eda porque est\u00e1 en todas partes y sus significados impregnan nuestras culturas. Seguramente la opini\u00f3n que tienes del negro dista mucho de lo que piensa otra persona sobre esta tonalidad, y ese es el motivo por el que en psicolog\u00eda se le da una gran importancia a lo que se intenta decir con \u00e9l.<\/p>\n\n\n\n<h3 class=\"wp-block-heading\">Asociaciones positivas del negro<\/h3>\n\n\n\n<p>Para algunos, el negro evoca asociaciones positivas con este color, incluido el atractivo y la elegancia. El color rezuma sofisticaci\u00f3n. Es por eso que tantas personas optan por vestirse de negro cuando asisten a un evento elegante. Tambi\u00e9n es por eso que las marcas de alta gama como Tiffany &amp; Co. y Chanel utilizan el negro en sus logotipos. Adem\u00e1s, cuando se trata de la alta sociedad, el color negro se ha asociado durante mucho tiempo con el poder&#8230;<\/p>\n\n\n\n<p>Seg\u00fan cuenta la psic\u00f3loga&nbsp;<a href=\"https:\/\/www.instagram.com\/psicologa_laraferreiro\/?hl=es\" target=\"_blank\" rel=\"noreferrer noopener\">Lara Ferreiro<\/a>, el negro es considerado por su mayor\u00eda como un tono que representa cosas \u00abmalignas\u00bb, pero tambi\u00e9n tiene su lado positivo. Por ejemplo, para muchas personas este color la sencillez y el orden interno.<\/p>\n\n\n\n<p>\u00abEl negro representa para muchas personas la fuerza, es decir, seriedad. Se trata de un tono f\u00e1cilmente combinable as\u00ed que es normal que se recurra a \u00e9l. De hecho, en una entrevista de trabajo En una entrevista aporta mucha formalidad\u00bb, indica Lara Ferreiro.<\/p>\n\n\n\n<p>No podemos olvidar que el negro siempre ha sido categorizado como el tono que nos hace parecer m\u00e1s delgados, motivo por el que muchos recurren a \u00e9l.<\/p>\n\n\n\n<h3 class=\"wp-block-heading\">Asociaciones negativas del negro<\/h3>\n\n\n\n<p>Por otro lado estar\u00edan las connotaciones negativas, que son mayor\u00eda. Expone la psic\u00f3loga&nbsp;<a href=\"https:\/\/www.laraferreiro.com\/\" target=\"_blank\" rel=\"noreferrer noopener\">Lara Ferreiro<\/a>&nbsp;que el negro significa oscuridad, ausencia de luz, pecado, muerte, el mal, lo ilegal, la noche&#8230; \u00abEs un tono mal visto que nos genera miedo\u00bb, dice.<\/p>\n\n\n\n<p>Adem\u00e1s, en Occidente lo usamos para representar un duelo o tristeza: \u00abCl\u00e1sicamente lo hemos usado para este tipo de motivos, as\u00ed que est\u00e1 asociado a la muerte. Cuando alguien se va se apaga su luz, por lo que tiene sentido esta simbolog\u00eda\u00bb, expone, aunque la experta a\u00f1ade tambi\u00e9n que las personas que se sienten solas o est\u00e1n sufriendo se sienten a gusto con la ropa negra. \u00abDependiendo de tu personalidad lo puedes percibir de uno u otro modo, pero esta tonalidad tambi\u00e9n transmite paz para muchas personas\u00bb, manifiesta.<\/p>\n\n\n\n<p>Por destacar algunas personalidades m\u00e1s, Lara Ferreiro resume algunas m\u00e1s:<\/p>\n\n\n\n<p>&#8211;&nbsp;<strong>Representa la pena<\/strong>: los pacientes depresivos visten de negro.<\/p>\n\n\n\n<p>&#8211;&nbsp;<strong>Significa protecci\u00f3n<\/strong>: \u00abTuve una paciente con sobrepeso que me contaba que vest\u00eda de negro para protegerse y no llamar la atenci\u00f3n\u00bb, dice la psic\u00f3loga.<\/p>\n\n\n\n<p>&#8211;&nbsp;<strong>Es intimidante<\/strong>: \u00abAlgunas variables psicol\u00f3gicas que podemos asociar al negro es el ocultamiento, la mentira, crueldad, manipulaci\u00f3n y traici\u00f3n\u00bb, enumera.<\/p>\n\n\n\n<p>&#8211; Personas&nbsp;<strong>individualistas e introvertidas<\/strong>.<\/p>\n\n\n\n<h3 class=\"wp-block-heading\">Test de L\u00fcscher<\/h3>\n\n\n\n<p>Max L\u00fcscher, psicoterapeuta suizo, invent\u00f3 el\u00a0<strong>Test de color L\u00fcscher<\/strong>, una herramienta para medir el estado psicof\u00edsico de un individuo seg\u00fan sus preferencias de color. Mediante un corto test en el que tienes que ordenar algunos colores en funci\u00f3n de tus gustos, se define tu personalidad. Este test sirve para saber si se est\u00e1 bien o mal a nivel psicol\u00f3gico.<\/p>\n\n\n\n<p><\/p>\n\n\n\n<p>fuente: ABC.es<\/p>\n","protected":false},"excerpt":{"rendered":"<p>Utilizar el negro en la vestimenta o decoraci\u00f3n desvela muchos aspectos de nuestra personalidad El negro no es un color primario, secundario ni terciario. De hecho, tanto el&nbsp;negro&nbsp;como el blanco no se consideran colores porque, por un lado, la luz blanca comprende todas las tonalidades del espectro de luz visible mientras que el negro absorbe [&hellip;]<\/p>\n","protected":false},"author":2,"featured_media":103034,"comment_status":"open","ping_status":"open","sticky":false,"template":"","format":"standard","meta":{"footnotes":""},"categories":[64],"tags":[],"class_list":["post-103033","post","type-post","status-publish","format-standard","has-post-thumbnail","hentry","category-varios"],"_links":{"self":[{"href":"http:\/\/elcuartopoder.com.mx\/nw\/wp-json\/wp\/v2\/posts\/103033","targetHints":{"allow":["GET"]}}],"collection":[{"href":"http:\/\/elcuartopoder.com.mx\/nw\/wp-json\/wp\/v2\/posts"}],"about":[{"href":"http:\/\/elcuartopoder.com.mx\/nw\/wp-json\/wp\/v2\/types\/post"}],"author":[{"embeddable":true,"href":"http:\/\/elcuartopoder.com.mx\/nw\/wp-json\/wp\/v2\/users\/2"}],"replies":[{"embeddable":true,"href":"http:\/\/elcuartopoder.com.mx\/nw\/wp-json\/wp\/v2\/comments?post=103033"}],"version-history":[{"count":1,"href":"http:\/\/elcuartopoder.com.mx\/nw\/wp-json\/wp\/v2\/posts\/103033\/revisions"}],"predecessor-version":[{"id":103035,"href":"http:\/\/elcuartopoder.com.mx\/nw\/wp-json\/wp\/v2\/posts\/103033\/revisions\/103035"}],"wp:featuredmedia":[{"embeddable":true,"href":"http:\/\/elcuartopoder.com.mx\/nw\/wp-json\/wp\/v2\/media\/103034"}],"wp:attachment":[{"href":"http:\/\/elcuartopoder.com.mx\/nw\/wp-json\/wp\/v2\/media?parent=103033"}],"wp:term":[{"taxonomy":"category","embeddable":true,"href":"http:\/\/elcuartopoder.com.mx\/nw\/wp-json\/wp\/v2\/categories?post=103033"},{"taxonomy":"post_tag","embeddable":true,"href":"http:\/\/elcuartopoder.com.mx\/nw\/wp-json\/wp\/v2\/tags?post=103033"}],"curies":[{"name":"wp","href":"https:\/\/api.w.org\/{rel}","templated":true}]}}