{"id":103036,"date":"2022-02-21T03:11:18","date_gmt":"2022-02-21T08:11:18","guid":{"rendered":"http:\/\/elcuartopoder.com.mx\/nw\/?p=103036"},"modified":"2022-02-21T03:11:20","modified_gmt":"2022-02-21T08:11:20","slug":"borrell-en-la-conferencia-de-seguridad-de-munich-rusia-y-china-quieren-redefinir-el-orden-mundial","status":"publish","type":"post","link":"http:\/\/elcuartopoder.com.mx\/nw\/economia\/borrell-en-la-conferencia-de-seguridad-de-munich-rusia-y-china-quieren-redefinir-el-orden-mundial\/","title":{"rendered":"Borrell, en la Conferencia de Seguridad de M\u00fanich: \u00abRusia y China quieren redefinir el orden mundial\u00bb"},"content":{"rendered":"\n<h2 class=\"wp-block-heading\">El ministro de Exteriores chino, Wang Yi, llamaba ayer a que el mundo acepte el \u00abprogreso\u00bb que supone un escenario geopol\u00edtico multipolar y acusaba a EE.UU. de no aceptar el rumbo de la historia<\/h2>\n\n\n\n<p>\u00abIntentan imponer otro relato, esta lucha de narrativas forma parte de un intento m\u00e1s amplio para redefinir el orden mundial\u00bb, ha dicho en la Conferencia de Seguridad de M\u00fanich el Alto Comisionado de la UE para Pol\u00edtica Exterior,&nbsp;<strong>Josep Borrell<\/strong>, que ha hecho un llamamiento a los asistentes a plantar resistencia a este proyecto que atribuye a Rusia y a China. Borrell se ha referido al documento publicado por estos dos pa\u00edses conjuntamente el pasado 4 de febrero, en el que&nbsp;<strong>\u00abse abandona el principio de soberan\u00eda de los pueblos&nbsp;<\/strong>y se considera solamente a los Estados como soberanos\u00bb, ha dicho, \u00ablo que tiene graves implicaciones para los derechos humanos\u00bb.<\/p>\n\n\n\n<p>En el modelo que reconocen Beijing y Mosc\u00fa, \u00aben la democracia solo importan los resultados, sin tener en cuenta las consecuencias para las minor\u00edas\u00bb, ha se\u00f1alado.<\/p>\n\n\n\n<p>\u00abChina ha publicado un libro en el que se denomina a s\u00ed misma como democracia eficaz\u00bb, ha recordado, en contraposici\u00f3n a las democracias liberales a las que por implicaci\u00f3n considera ineficaces. \u00abEl uso del adjetivo recuerda a la expresi\u00f3n&nbsp;<strong>democracia popular durante la era sovi\u00e9tica<\/strong>\u00bb, ha comparado Borrell, \u00aben estos momentos el mundo vive una guerra por la universalidad de los derechos humanos y China y Rusia pretender negar o al menos relativizar esa universalidad\u00bb.<\/p>\n\n\n\n<p>Ante la misma sala de asistentes a la Conferencia, el ministro de Exteriores chino,&nbsp;<strong>Wang Yi<\/strong>, llamaba ayer a que el mundo acepte el \u00abprogreso\u00bb que supone un escenario geopol\u00edtico multipolar y acusaba a Estados Unidos de no aceptar el rumbo de la historia. Borrell sin embargo considera que el orden mundial que persiguen Rusia y China es una \u00abvuelta al mundo del siglo XIX\u00bb y ha hecho una encendida defensa de dos principios claves que deben darse conjuntamente en la sociedad del siglo XXI:&nbsp;<strong>el respeto a la soberan\u00eda y la independencia de los Estados<\/strong>&nbsp;y el respeto a los derechos de los pueblos, que en su opini\u00f3n estas dos potencias no respetan. \u00abTenemos que oponernos al revisionismo ruso y chino porque si se impone ya no importar\u00e1n los derechos humanos\u00bb, ha insistido, por lo que llama a \u00abreaccionar de manera inmediata\u00bb en la crisis de Ucrania. Borrell cree tambi\u00e9n necesario que la UE revise su estrategia, aumentando las capacidades de defensa. \u00abNo se trata de la defensa de los principios occidentales o de la defensa de Occidente, sino de defender principios comunes\u00bb.<\/p>\n\n\n\n<p>En un comunicado publicado a \u00faltima hora de anoche, el Alto Representante de la UE expresaba su<strong>&nbsp;preocupaci\u00f3n por la acumulaci\u00f3n de soldados rusos&nbsp;<\/strong>en los alrededores de Ucrania y en las autoproclamadas rep\u00fablicas populares del este del pa\u00eds. \u00abEsta escalada ahora se ve exacerbada por la escalada de violaciones del&nbsp;<strong>alto el fuego<\/strong>&nbsp;en el este de Ucrania en los \u00faltimos d\u00edas. La UE condena el uso de armas pesadas y el ametrallamiento indiscriminado de \u00e1reas civiles en claras violaciones de los acuerdos de Minsk y el derecho internacional humanitario\u00bb, se lee en el documento, que adem\u00e1s elogia la moderaci\u00f3n de Ucrania frente a las constantes provocaciones que podr\u00edan utilizarse como pretexto para una posible escalada militar. Tambi\u00e9n apoya la propuesta de crear una misi\u00f3n especial de la OSCE, cuyo prop\u00f3sito ser\u00eda aliviar la tensi\u00f3n y buscar una salida diplom\u00e1tica a la situaci\u00f3n.<\/p>\n\n\n\n<p>Borrell ha declarado que la Uni\u00f3n Europea toma nota de la intensificaci\u00f3n de la manipulaci\u00f3n de la informaci\u00f3n sobre los acontecimientos en el este de Ucrania. \u00abLa UE no ve ninguna base para las acusaciones provenientes de \u00e1reas controladas por ONG de Donetsk y Lugansk de un posible ataque ucraniano. La UE pide a\u00a0<strong>Rusia que participe en un di\u00e1logo constructivo<\/strong>, diplomacia, mostrando moderaci\u00f3n y desescalada\u00bb. Adem\u00e1s repite que una mayor agresi\u00f3n rusa contra Ucrania tendr\u00eda enormes consecuencias y graves costos para Mosc\u00fa debido a las sanciones restrictivas de Occidente. \u00abLa UE reafirma su apoyo inquebrantable a la soberan\u00eda e integridad territorial de Ucrania dentro de sus fronteras internacionalmente reconocidas\u00bb, concluye en su despedida de la Conferencia de Seguridad de M\u00fanich.<\/p>\n\n\n\n<p>Por Rosal\u00eda S\u00e1nchez<\/p>\n\n\n\n<p>fuente: ABC.es<\/p>\n","protected":false},"excerpt":{"rendered":"<p>El ministro de Exteriores chino, Wang Yi, llamaba ayer a que el mundo acepte el \u00abprogreso\u00bb que supone un escenario geopol\u00edtico multipolar y acusaba a EE.UU. de no aceptar el rumbo de la historia \u00abIntentan imponer otro relato, esta lucha de narrativas forma parte de un intento m\u00e1s amplio para redefinir el orden mundial\u00bb, ha [&hellip;]<\/p>\n","protected":false},"author":2,"featured_media":103037,"comment_status":"open","ping_status":"open","sticky":false,"template":"","format":"standard","meta":{"footnotes":""},"categories":[1],"tags":[],"class_list":["post-103036","post","type-post","status-publish","format-standard","has-post-thumbnail","hentry","category-economia"],"_links":{"self":[{"href":"http:\/\/elcuartopoder.com.mx\/nw\/wp-json\/wp\/v2\/posts\/103036","targetHints":{"allow":["GET"]}}],"collection":[{"href":"http:\/\/elcuartopoder.com.mx\/nw\/wp-json\/wp\/v2\/posts"}],"about":[{"href":"http:\/\/elcuartopoder.com.mx\/nw\/wp-json\/wp\/v2\/types\/post"}],"author":[{"embeddable":true,"href":"http:\/\/elcuartopoder.com.mx\/nw\/wp-json\/wp\/v2\/users\/2"}],"replies":[{"embeddable":true,"href":"http:\/\/elcuartopoder.com.mx\/nw\/wp-json\/wp\/v2\/comments?post=103036"}],"version-history":[{"count":1,"href":"http:\/\/elcuartopoder.com.mx\/nw\/wp-json\/wp\/v2\/posts\/103036\/revisions"}],"predecessor-version":[{"id":103038,"href":"http:\/\/elcuartopoder.com.mx\/nw\/wp-json\/wp\/v2\/posts\/103036\/revisions\/103038"}],"wp:featuredmedia":[{"embeddable":true,"href":"http:\/\/elcuartopoder.com.mx\/nw\/wp-json\/wp\/v2\/media\/103037"}],"wp:attachment":[{"href":"http:\/\/elcuartopoder.com.mx\/nw\/wp-json\/wp\/v2\/media?parent=103036"}],"wp:term":[{"taxonomy":"category","embeddable":true,"href":"http:\/\/elcuartopoder.com.mx\/nw\/wp-json\/wp\/v2\/categories?post=103036"},{"taxonomy":"post_tag","embeddable":true,"href":"http:\/\/elcuartopoder.com.mx\/nw\/wp-json\/wp\/v2\/tags?post=103036"}],"curies":[{"name":"wp","href":"https:\/\/api.w.org\/{rel}","templated":true}]}}