{"id":103163,"date":"2022-02-23T21:43:20","date_gmt":"2022-02-24T02:43:20","guid":{"rendered":"http:\/\/elcuartopoder.com.mx\/nw\/?p=103163"},"modified":"2022-02-23T21:43:22","modified_gmt":"2022-02-24T02:43:22","slug":"rogelio-marquez-aun-no-decide-a-que-bancada-se-unira-pech-pedira-licencia-el-28-de-febrero","status":"publish","type":"post","link":"http:\/\/elcuartopoder.com.mx\/nw\/estatales\/rogelio-marquez-aun-no-decide-a-que-bancada-se-unira-pech-pedira-licencia-el-28-de-febrero\/","title":{"rendered":"Rogelio M\u00e1rquez a\u00fan no decide a qu\u00e9 bancada se unir\u00e1; Pech pedir\u00e1 licencia el 28 de febrero"},"content":{"rendered":"\n<p>Rogelio M\u00e1rquez Validivia, suplente senador de Jos\u00e9 Luis Pech, dijo que a\u00fan no decide con qu\u00e9 bancada se unir\u00e1 ahora que ocupe el cargo por la licencia que pedir\u00e1 el \u00faltimo mencionado.<\/p>\n\n\n\n<p>\u201cYa \u00e9l renunci\u00f3 al partido Morena, que era al que pertenec\u00eda y en este caso, el doctor Jos\u00e9 Luis Pech, el d\u00eda que entrega su documentaci\u00f3n, que es el d\u00eda 28, \u00e9l estar\u00e1 presentando su licencia\u201d.<\/p>\n\n\n\n<p>Detall\u00f3 que luego de esto, el d\u00eda 1 de marzo entrar\u00e1 la licencia en el Senado \u201cy la licencia entrar\u00eda el martes o el mi\u00e9rcoles que son los d\u00edas de sesi\u00f3n\u201d.<\/p>\n\n\n\n<p>\u201cEsto implica que yo estar\u00eda tomando protesta el 8 de marzo\u201d, detall\u00f3 Rogelio M\u00e1rquez.<\/p>\n\n\n\n<p>Rogelio M\u00e1rquez Valdivia fue militante del Partido Acci\u00f3n Nacional (PAN) durante 23 a\u00f1os y fue candidato 6 veces a diferentes cargos y posteriormente recibi\u00f3 invitaci\u00f3n del Partido Encuentro Social para militar en sus filas.<\/p>\n\n\n\n<p>Ya con Encuentro Social fue candidato a gobernador de Quintana Roo y ese mismo partido, dentro de la negociaci\u00f3n de una alianza, entra como senador suplente de Jos\u00e9 Luis Pech.<\/p>\n\n\n\n<p>Afirm\u00f3 que estar\u00e1 al menos 91 d\u00edas como senador y que posteriormente el senador Jos\u00e9 Luis Pech podr\u00eda regresar aunque dijo \u201cesperemos que tenga buenos resultados, pero eso ya depender\u00e1 de cada uno de los diferentes candidatos\u201d.<\/p>\n\n\n\n<p>Subray\u00f3 que espera que se tenga una contienda pac\u00edfica, no de golpeteo y que las propuestas sean propositivas.<\/p>\n\n\n\n<p>Coment\u00f3 que el se volvi\u00f3 suplente de Jos\u00e9 Luis Pech, durante una negociaci\u00f3n del Partido Encuentro Social en una alianza con Morena.<\/p>\n\n\n\n<p>\u201cYo era delegado nacional del PES y a trav\u00e9s de estas negociaciones, el doctor Hugo Erick hace estas negociaciones de que yo entre como suplente en el senado.<\/p>\n\n\n\n<p>Aclar\u00f3 que la ley ya no permite que los suplentes puedan quedarse con una diputaci\u00f3n o senadur\u00eda, por lo que dijo no habr\u00e1 ning\u00fan problema si el doctor Jos\u00e9 Luis Pech decide regresar al Senado.<\/p>\n\n\n\n<p>\u201cYo estar\u00e9 3 o 4 meses, espero que no, pero ya depender\u00e1 del doctor Jos\u00e9 Luis Pech, pero \u00e9l como propietario tiene legalmente unos derechos de poder regresar en el momento en el que \u00e9l manifieste en el Congreso que pretende regresar\u201d, detall\u00f3 Rogelio M\u00e1rquez.<\/p>\n\n\n\n<p>Se le pregunt\u00f3 sobre qu\u00e9 color tendr\u00e1 su curul y dijo que \u201cyo no tengo partido\u2026 sin embargo ya he escuchado algunas invitaciones. Me habl\u00f3 el doctor Hugo Erick para felicitarme y hacerme la invitaci\u00f3n para que formara parte del partido Encuentro Solidario\u201d.<\/p>\n\n\n\n<p>Dijo que aunque no hay partido, s\u00ed hay una bancada que se form\u00f3 antes de que perdieran el registro.<\/p>\n\n\n\n<p>Dijo que tambi\u00e9n tiene una relaci\u00f3n con muchos senadores del PAN y otros independientes como Gustavo Madero y Germ\u00e1n Mart\u00ednez.<\/p>\n\n\n\n<p>\u201cEstoy considerando por el partido Morena, hay cierta invitaci\u00f3n indirectamente con Monrreal, de querer platicar con un servidor\u201d, subray\u00f3.<\/p>\n\n\n\n<p>Aclar\u00f3 que no ha recibido invitaci\u00f3n de Movimiento Ciudadano, pero no descarta la posibilidad de poder escucharlos.<\/p>\n\n\n\n<p><strong>Fuente:<\/strong> marcrixnoticias<\/p>\n","protected":false},"excerpt":{"rendered":"<p>Rogelio M\u00e1rquez Validivia, suplente senador de Jos\u00e9 Luis Pech, dijo que a\u00fan no decide con qu\u00e9 bancada se unir\u00e1 ahora que ocupe el cargo por la licencia que pedir\u00e1 el \u00faltimo mencionado. \u201cYa \u00e9l renunci\u00f3 al partido Morena, que era al que pertenec\u00eda y en este caso, el doctor Jos\u00e9 Luis Pech, el d\u00eda que [&hellip;]<\/p>\n","protected":false},"author":2,"featured_media":103164,"comment_status":"open","ping_status":"open","sticky":false,"template":"","format":"standard","meta":{"footnotes":""},"categories":[60],"tags":[],"class_list":["post-103163","post","type-post","status-publish","format-standard","has-post-thumbnail","hentry","category-estatales"],"_links":{"self":[{"href":"http:\/\/elcuartopoder.com.mx\/nw\/wp-json\/wp\/v2\/posts\/103163","targetHints":{"allow":["GET"]}}],"collection":[{"href":"http:\/\/elcuartopoder.com.mx\/nw\/wp-json\/wp\/v2\/posts"}],"about":[{"href":"http:\/\/elcuartopoder.com.mx\/nw\/wp-json\/wp\/v2\/types\/post"}],"author":[{"embeddable":true,"href":"http:\/\/elcuartopoder.com.mx\/nw\/wp-json\/wp\/v2\/users\/2"}],"replies":[{"embeddable":true,"href":"http:\/\/elcuartopoder.com.mx\/nw\/wp-json\/wp\/v2\/comments?post=103163"}],"version-history":[{"count":1,"href":"http:\/\/elcuartopoder.com.mx\/nw\/wp-json\/wp\/v2\/posts\/103163\/revisions"}],"predecessor-version":[{"id":103165,"href":"http:\/\/elcuartopoder.com.mx\/nw\/wp-json\/wp\/v2\/posts\/103163\/revisions\/103165"}],"wp:featuredmedia":[{"embeddable":true,"href":"http:\/\/elcuartopoder.com.mx\/nw\/wp-json\/wp\/v2\/media\/103164"}],"wp:attachment":[{"href":"http:\/\/elcuartopoder.com.mx\/nw\/wp-json\/wp\/v2\/media?parent=103163"}],"wp:term":[{"taxonomy":"category","embeddable":true,"href":"http:\/\/elcuartopoder.com.mx\/nw\/wp-json\/wp\/v2\/categories?post=103163"},{"taxonomy":"post_tag","embeddable":true,"href":"http:\/\/elcuartopoder.com.mx\/nw\/wp-json\/wp\/v2\/tags?post=103163"}],"curies":[{"name":"wp","href":"https:\/\/api.w.org\/{rel}","templated":true}]}}