{"id":103166,"date":"2022-02-23T21:45:29","date_gmt":"2022-02-24T02:45:29","guid":{"rendered":"http:\/\/elcuartopoder.com.mx\/nw\/?p=103166"},"modified":"2022-02-23T21:45:30","modified_gmt":"2022-02-24T02:45:30","slug":"solicita-sedena-985-mdp-para-nuevo-aeropuerto-de-tulum-y-base-militar","status":"publish","type":"post","link":"http:\/\/elcuartopoder.com.mx\/nw\/estatales\/solicita-sedena-985-mdp-para-nuevo-aeropuerto-de-tulum-y-base-militar\/","title":{"rendered":"Solicita Sedena 985 mdp para nuevo aeropuerto de Tulum y base militar"},"content":{"rendered":"\n<p>Para edificar el aeropuerto internacional de Tulum y construir una Base A\u00e9rea Militar, la Secretar\u00eda de la Defensa Nacional (Sedena) solicit\u00f3 recursos p\u00fablicos por 985 millones de pesos.<\/p>\n\n\n\n<p>El Ej\u00e9rcito ejecutar\u00e1 esa obra pese a que la Auditor\u00eda Superior de la Federaci\u00f3n detect\u00f3 sobrecostos y retrasos en la ejecuci\u00f3n de trabajos en el Aeropuerto Felipe \u00c1ngeles, tambi\u00e9n a su cargo.<\/p>\n\n\n\n<p>El Presidente Andr\u00e9s Manuel L\u00f3pez Obrador anunci\u00f3 que el aeropuerto de Tulum estar\u00e1 concluido en 2023, aunque en el proyecto no se establece ni su capacidad ni el mes de entrega.<\/p>\n\n\n\n<p>La cifra representa un aumento de 35 millones 238 mil pesos respecto a lo considerado originalmente, de acuerdo con un documento de la dependencia, report\u00f3 Milenio.<\/p>\n\n\n\n<p>El 3 de enero, el presidente Andr\u00e9s Manuel L\u00f3pez Obrador asegur\u00f3 que el presupuesto ya fue autorizado para la construcci\u00f3n.<\/p>\n\n\n\n<p>En el PEF 2022, se planean 11,031 millones de pesos para la obra de infraestructura. Es decir, este a\u00f1o se buscar\u00e1 ejercer alrededor de 31% del monto total que se calcula que costar\u00e1 la edificaci\u00f3n.<\/p>\n\n\n\n<p>La construcci\u00f3n comenzar\u00e1 de manera intensiva en marzo, despu\u00e9s de que sea inaugurado el Aeropuerto Internacional Felipe \u00c1ngeles (AIFA).<\/p>\n\n\n\n<p>El Ej\u00e9rcito desarrollar\u00e1 labores de manera paralela en el Tren Maya, \u201cse van a campamentos cerca de 600 kil\u00f3metros de v\u00eda f\u00e9rrea desde Esc\u00e1rcega pasando por Calakmul, Chetumal, Felipe Carrillo Puerto y Tulum\u201d, dijo el mandatario.<\/p>\n\n\n\n<p><strong>Fuente: <\/strong>marcrixnoticias<\/p>\n","protected":false},"excerpt":{"rendered":"<p>Para edificar el aeropuerto internacional de Tulum y construir una Base A\u00e9rea Militar, la Secretar\u00eda de la Defensa Nacional (Sedena) solicit\u00f3 recursos p\u00fablicos por 985 millones de pesos. El Ej\u00e9rcito ejecutar\u00e1 esa obra pese a que la Auditor\u00eda Superior de la Federaci\u00f3n detect\u00f3 sobrecostos y retrasos en la ejecuci\u00f3n de trabajos en el Aeropuerto Felipe [&hellip;]<\/p>\n","protected":false},"author":2,"featured_media":103167,"comment_status":"open","ping_status":"open","sticky":false,"template":"","format":"standard","meta":{"footnotes":""},"categories":[60],"tags":[],"class_list":["post-103166","post","type-post","status-publish","format-standard","has-post-thumbnail","hentry","category-estatales"],"_links":{"self":[{"href":"http:\/\/elcuartopoder.com.mx\/nw\/wp-json\/wp\/v2\/posts\/103166","targetHints":{"allow":["GET"]}}],"collection":[{"href":"http:\/\/elcuartopoder.com.mx\/nw\/wp-json\/wp\/v2\/posts"}],"about":[{"href":"http:\/\/elcuartopoder.com.mx\/nw\/wp-json\/wp\/v2\/types\/post"}],"author":[{"embeddable":true,"href":"http:\/\/elcuartopoder.com.mx\/nw\/wp-json\/wp\/v2\/users\/2"}],"replies":[{"embeddable":true,"href":"http:\/\/elcuartopoder.com.mx\/nw\/wp-json\/wp\/v2\/comments?post=103166"}],"version-history":[{"count":1,"href":"http:\/\/elcuartopoder.com.mx\/nw\/wp-json\/wp\/v2\/posts\/103166\/revisions"}],"predecessor-version":[{"id":103168,"href":"http:\/\/elcuartopoder.com.mx\/nw\/wp-json\/wp\/v2\/posts\/103166\/revisions\/103168"}],"wp:featuredmedia":[{"embeddable":true,"href":"http:\/\/elcuartopoder.com.mx\/nw\/wp-json\/wp\/v2\/media\/103167"}],"wp:attachment":[{"href":"http:\/\/elcuartopoder.com.mx\/nw\/wp-json\/wp\/v2\/media?parent=103166"}],"wp:term":[{"taxonomy":"category","embeddable":true,"href":"http:\/\/elcuartopoder.com.mx\/nw\/wp-json\/wp\/v2\/categories?post=103166"},{"taxonomy":"post_tag","embeddable":true,"href":"http:\/\/elcuartopoder.com.mx\/nw\/wp-json\/wp\/v2\/tags?post=103166"}],"curies":[{"name":"wp","href":"https:\/\/api.w.org\/{rel}","templated":true}]}}