{"id":103169,"date":"2022-02-23T21:57:41","date_gmt":"2022-02-24T02:57:41","guid":{"rendered":"http:\/\/elcuartopoder.com.mx\/nw\/?p=103169"},"modified":"2022-02-23T21:57:43","modified_gmt":"2022-02-24T02:57:43","slug":"maluma-ensena-como-quedo-su-rostro-tras-ser-mordido-por-su-perro-doberman","status":"publish","type":"post","link":"http:\/\/elcuartopoder.com.mx\/nw\/entretenimiento\/espectaculos\/maluma-ensena-como-quedo-su-rostro-tras-ser-mordido-por-su-perro-doberman\/","title":{"rendered":"Maluma ense\u00f1a c\u00f3mo qued\u00f3 su rostro tras ser mordido por su perro d\u00f3berman"},"content":{"rendered":"\n<p> El artista mostr\u00f3 c\u00f3mo qued\u00f3 la herida en su rostro tras ser mordido. <\/p>\n\n\n\n<p><strong>Maluma<\/strong>&nbsp;tiene un cari\u00f1o incondicional por sus perros y su relaci\u00f3n con ellos parece la ideal.<\/p>\n\n\n\n<p>Aunque la relaci\u00f3n es muy buena y son los consentidos del cantante, un susto\u00a0 caus\u00f3 que el colombiano fuera mordido por\u00a0<strong>Buda<\/strong>, un\u00a0<strong>d\u00f3berma<\/strong>n con el que ha posado en fotos recientes.<\/p>\n\n\n\n<p>En una de sus historias, el colombiano apareci\u00f3 con una herida en la frente y las preguntas de sus fans no se hicieron esperar.<\/p>\n\n\n\n<p>Aunque no dio detalles del ataque, el reguetonero cont\u00f3 que se trat\u00f3 de un incidente ocasionado por un susto.<\/p>\n\n\n\n<blockquote class=\"wp-block-quote is-layout-flow wp-block-quote-is-layout-flow\"><p>\u00abLa triste realidad es que&#8230; Buda me mordi\u00f3, pero fue de susto, no de agresividad. Entonces, ah\u00ed ya saben, pa\u2019 que aprendan.<\/p><p>\u00abLos animales son muy leales, pero uno tiene que tener mucho cuidado. Sin embargo, \u00e9l no lo hizo de malas, no pasa nada, lo quiero como si no hubiera pasado. Tengan cuidado que a cualquiera le podr\u00eda pasar\u00bb, explic\u00f3 el cantante urbano<\/p><\/blockquote>\n\n\n\n<p>En la&nbsp;cuenta oficial de Instagram de&nbsp;<strong>Maluma<\/strong>&nbsp;es com\u00fan ver im\u00e1genes de sus mascotas, los ba\u00f1os, los juegos y las din\u00e1micas que tiene con ellas.<\/p>\n\n\n\n<p>Incluso dos de sus perros, Bonnie y Clyde, dos huskies siberianos albinos, tienen su propia cuenta de Instagram, que cuenta con 149 mil seguidores.<\/p>\n\n\n\n<p>Sin mayor problema, Maluma ha seguido con sus actividades habituales, entre ellas la b\u00fasqueda de un artista que cante con \u00e9l en Medell\u00edn, en el marco de su \u00abPapi Juancho Tour 2022\u00bb.<\/p>\n\n\n\n<p>Su m\u00e1s reciente publicaci\u00f3n en Instagram, correspondiente al 18 de febrero, hace alusi\u00f3n a esta convocatoria para buscar talento.<\/p>\n\n\n\n<p>\u00abBuscamos el mejor artista de MEDELLIN para que cante conmigo en el concierto de #MedalloEnElMapa este 30 de Abril en el Estadio Atanasio Girardot!<\/p>\n\n\n\n<p>Haz tu propia versi\u00f3n de \u00abCositas De La Usa\u00bb y s\u00fabela a tu Instagram con el tag #PonteEnElMapa. @mix89.9 , @dimeloking y yo escogeremos el ganador\/ganadora que no solo cantar\u00e1 en el concierto pero tambi\u00e9n a quien le regalare la producci\u00f3n de su pr\u00f3xima canci\u00f3n y video. El ganador necesita ser de Medell\u00edn para participar. Descarga la versi\u00f3n de #CositasDeLaUsa en maluma.online\u00bb, se lee.<\/p>\n\n\n\n<p>El pr\u00f3ximo 10 de marzo,\u00a0<strong>Maluma<\/strong>\u00a0arrancar\u00e1 su \u00abPapi Juancho Tour Europe 2022\u00bb; la primera fecha ser\u00e1 en Par\u00eds.\u00a0<\/p>\n\n\n\n<p><\/p>\n","protected":false},"excerpt":{"rendered":"<p>El artista mostr\u00f3 c\u00f3mo qued\u00f3 la herida en su rostro tras ser mordido. Maluma&nbsp;tiene un cari\u00f1o incondicional por sus perros y su relaci\u00f3n con ellos parece la ideal. Aunque la relaci\u00f3n es muy buena y son los consentidos del cantante, un susto\u00a0 caus\u00f3 que el colombiano fuera mordido por\u00a0Buda, un\u00a0d\u00f3berman con el que ha posado [&hellip;]<\/p>\n","protected":false},"author":2,"featured_media":103170,"comment_status":"open","ping_status":"open","sticky":false,"template":"","format":"standard","meta":{"footnotes":""},"categories":[11],"tags":[],"class_list":["post-103169","post","type-post","status-publish","format-standard","has-post-thumbnail","hentry","category-espectaculos"],"_links":{"self":[{"href":"http:\/\/elcuartopoder.com.mx\/nw\/wp-json\/wp\/v2\/posts\/103169","targetHints":{"allow":["GET"]}}],"collection":[{"href":"http:\/\/elcuartopoder.com.mx\/nw\/wp-json\/wp\/v2\/posts"}],"about":[{"href":"http:\/\/elcuartopoder.com.mx\/nw\/wp-json\/wp\/v2\/types\/post"}],"author":[{"embeddable":true,"href":"http:\/\/elcuartopoder.com.mx\/nw\/wp-json\/wp\/v2\/users\/2"}],"replies":[{"embeddable":true,"href":"http:\/\/elcuartopoder.com.mx\/nw\/wp-json\/wp\/v2\/comments?post=103169"}],"version-history":[{"count":1,"href":"http:\/\/elcuartopoder.com.mx\/nw\/wp-json\/wp\/v2\/posts\/103169\/revisions"}],"predecessor-version":[{"id":103171,"href":"http:\/\/elcuartopoder.com.mx\/nw\/wp-json\/wp\/v2\/posts\/103169\/revisions\/103171"}],"wp:featuredmedia":[{"embeddable":true,"href":"http:\/\/elcuartopoder.com.mx\/nw\/wp-json\/wp\/v2\/media\/103170"}],"wp:attachment":[{"href":"http:\/\/elcuartopoder.com.mx\/nw\/wp-json\/wp\/v2\/media?parent=103169"}],"wp:term":[{"taxonomy":"category","embeddable":true,"href":"http:\/\/elcuartopoder.com.mx\/nw\/wp-json\/wp\/v2\/categories?post=103169"},{"taxonomy":"post_tag","embeddable":true,"href":"http:\/\/elcuartopoder.com.mx\/nw\/wp-json\/wp\/v2\/tags?post=103169"}],"curies":[{"name":"wp","href":"https:\/\/api.w.org\/{rel}","templated":true}]}}