{"id":103174,"date":"2022-02-23T22:11:14","date_gmt":"2022-02-24T03:11:14","guid":{"rendered":"http:\/\/elcuartopoder.com.mx\/nw\/?p=103174"},"modified":"2022-02-23T22:11:16","modified_gmt":"2022-02-24T03:11:16","slug":"asesinan-a-anahi-michell-conductora-deportiva-veracruzana-en-cdmx","status":"publish","type":"post","link":"http:\/\/elcuartopoder.com.mx\/nw\/destacadas\/asesinan-a-anahi-michell-conductora-deportiva-veracruzana-en-cdmx\/","title":{"rendered":"Asesinan a Anah\u00ed Michell, conductora deportiva veracruzana, en CDMX"},"content":{"rendered":"\n<h2 class=\"wp-block-heading\">La joven reportera originaria de Coatzacoalcos fue hallada en la alcald\u00eda Tlalpan.<\/h2>\n\n\n\n<p><strong>Anah\u00ed Michell P\u00e9rez<\/strong>, conductora deportiva, fue encontrada sin vida el martes en la<strong>&nbsp;alcald\u00eda Tlalpan de la Ciudad de M\u00e9xico<\/strong>, inform\u00f3 la Fiscal\u00eda General de Justicia capitalina.<\/p>\n\n\n\n<p>La dependencia indic\u00f3 que la veracruzana, originaria de Coatzacoalcos, fue hallada en el pueblo de Santo Tom\u00e1s Ajusco. Fue identificada con ayuda de sus familiares, a quienes ya se brinda acompa\u00f1amiento.<\/p>\n\n\n\n<p> La reportera, tambi\u00e9n conocida como\u00a0<strong>Michell Sim\u00f3n<\/strong>, fue reportada en redes sociales como desaparecida d\u00edas antes. <\/p>\n\n\n\n<p>La<a href=\"https:\/\/www.fgjcdmx.gob.mx\/comunicacion\/nota\/CS2022-166\" target=\"_blank\" rel=\"noreferrer noopener\">&nbsp;Fiscal\u00eda capitalina<\/a>&nbsp;inform\u00f3 que trabaja conjuntamente con la Secretar\u00eda de Seguridad Ciudadana (SSC) y mantiene contacto directo con familiares y personas cercanas a la conductora, para esclarecer el caso.<\/p>\n\n\n\n<p><em>Con informaci\u00f3n de Quadratin.<\/em><\/p>\n","protected":false},"excerpt":{"rendered":"<p>La joven reportera originaria de Coatzacoalcos fue hallada en la alcald\u00eda Tlalpan. Anah\u00ed Michell P\u00e9rez, conductora deportiva, fue encontrada sin vida el martes en la&nbsp;alcald\u00eda Tlalpan de la Ciudad de M\u00e9xico, inform\u00f3 la Fiscal\u00eda General de Justicia capitalina. La dependencia indic\u00f3 que la veracruzana, originaria de Coatzacoalcos, fue hallada en el pueblo de Santo Tom\u00e1s [&hellip;]<\/p>\n","protected":false},"author":2,"featured_media":103175,"comment_status":"open","ping_status":"open","sticky":false,"template":"","format":"standard","meta":{"footnotes":""},"categories":[59],"tags":[],"class_list":["post-103174","post","type-post","status-publish","format-standard","has-post-thumbnail","hentry","category-destacadas"],"_links":{"self":[{"href":"http:\/\/elcuartopoder.com.mx\/nw\/wp-json\/wp\/v2\/posts\/103174","targetHints":{"allow":["GET"]}}],"collection":[{"href":"http:\/\/elcuartopoder.com.mx\/nw\/wp-json\/wp\/v2\/posts"}],"about":[{"href":"http:\/\/elcuartopoder.com.mx\/nw\/wp-json\/wp\/v2\/types\/post"}],"author":[{"embeddable":true,"href":"http:\/\/elcuartopoder.com.mx\/nw\/wp-json\/wp\/v2\/users\/2"}],"replies":[{"embeddable":true,"href":"http:\/\/elcuartopoder.com.mx\/nw\/wp-json\/wp\/v2\/comments?post=103174"}],"version-history":[{"count":1,"href":"http:\/\/elcuartopoder.com.mx\/nw\/wp-json\/wp\/v2\/posts\/103174\/revisions"}],"predecessor-version":[{"id":103176,"href":"http:\/\/elcuartopoder.com.mx\/nw\/wp-json\/wp\/v2\/posts\/103174\/revisions\/103176"}],"wp:featuredmedia":[{"embeddable":true,"href":"http:\/\/elcuartopoder.com.mx\/nw\/wp-json\/wp\/v2\/media\/103175"}],"wp:attachment":[{"href":"http:\/\/elcuartopoder.com.mx\/nw\/wp-json\/wp\/v2\/media?parent=103174"}],"wp:term":[{"taxonomy":"category","embeddable":true,"href":"http:\/\/elcuartopoder.com.mx\/nw\/wp-json\/wp\/v2\/categories?post=103174"},{"taxonomy":"post_tag","embeddable":true,"href":"http:\/\/elcuartopoder.com.mx\/nw\/wp-json\/wp\/v2\/tags?post=103174"}],"curies":[{"name":"wp","href":"https:\/\/api.w.org\/{rel}","templated":true}]}}