{"id":103177,"date":"2022-02-24T07:12:09","date_gmt":"2022-02-24T12:12:09","guid":{"rendered":"http:\/\/elcuartopoder.com.mx\/nw\/?p=103177"},"modified":"2022-02-24T01:13:59","modified_gmt":"2022-02-24T06:13:59","slug":"los-carteles-del-narco-actuan-en-cdmx-o-solo-viven-en-ella-2","status":"publish","type":"post","link":"http:\/\/elcuartopoder.com.mx\/nw\/nacionales\/los-carteles-del-narco-actuan-en-cdmx-o-solo-viven-en-ella-2\/","title":{"rendered":"\u00bfLos c\u00e1rteles del narco act\u00faan en CDMX o solo viven en ella?"},"content":{"rendered":"\n<h2 class=\"wp-block-heading\">El periodista H\u00e9ctor de Maule\u00f3n dijo que grupos como C\u00e1rtel Jalisco Nueva Generaci\u00f3n (CJNG) no han dejado de actuar en la capital.<\/h2>\n\n\n\n<p>Con posiciones encontradas sobre la presencia y actividad de c\u00e1rteles en la capital, se llev\u00f3 a cabo la mesa de an\u00e1lisis&nbsp;<em>Investigando a los C\u00e1rteles en la CDMX<\/em>, en El Colegio de M\u00e9xico, con la participaci\u00f3n de los periodistas Eduardo Guerrero y H\u00e9ctor de Maule\u00f3n.<\/p>\n\n\n\n<p>Guerrero dijo que una combinaci\u00f3n de mafias locales es la que controla gran parte de los delitos de alto impacto en la capital, y los c\u00e1rteles no ejercen un control territorial pese a usar a la capital como centro de operaci\u00f3n o residencia.<\/p>\n\n\n\n<p>En contraste, De Maule\u00f3n dijo que grupos como&nbsp;<em>C\u00e1rtel Jalisco Nueva Generaci\u00f3n (CJNG)<\/em>&nbsp;no han dejado de actuar en la capital.<\/p>\n\n\n\n<p> Guerrero defendi\u00f3 la actuaci\u00f3n de las autoridades capitalinas en el combate a estas organizaciones. \u201cHan impulsado una estrategia eficaz de contenci\u00f3n\u201d, dijo. <\/p>\n\n\n\n<p>Dijo que el gobierno local supo capitalizar los factores generados tras la pandemia y el super\u00e1vit del m\u00e1s de 100 por ciento de polic\u00edas en la capital, para abatir, sin rebote, las cifras de delitos.<\/p>\n\n\n\n<p>En tanto, De Maule\u00f3n record\u00f3 casos atroces como la aparici\u00f3n de cuerpos desmembrados en Insurgentes, un multihomicidio en Garibaldi y el atentado del&nbsp;<em>CJNG<\/em>&nbsp;al jefe de la Polic\u00eda capitalina Omar Garc\u00eda Harfuch.<\/p>\n\n\n\n<p><\/p>\n\n\n\n<p> Por&nbsp;David Sa\u00fal Vela <\/p>\n\n\n\n<p>fuente El Financiero<\/p>\n","protected":false},"excerpt":{"rendered":"<p>El periodista H\u00e9ctor de Maule\u00f3n dijo que grupos como C\u00e1rtel Jalisco Nueva Generaci\u00f3n (CJNG) no han dejado de actuar en la capital. Con posiciones encontradas sobre la presencia y actividad de c\u00e1rteles en la capital, se llev\u00f3 a cabo la mesa de an\u00e1lisis&nbsp;Investigando a los C\u00e1rteles en la CDMX, en El Colegio de M\u00e9xico, con [&hellip;]<\/p>\n","protected":false},"author":2,"featured_media":103178,"comment_status":"open","ping_status":"open","sticky":false,"template":"","format":"standard","meta":{"footnotes":""},"categories":[55],"tags":[],"class_list":["post-103177","post","type-post","status-publish","format-standard","has-post-thumbnail","hentry","category-nacionales"],"_links":{"self":[{"href":"http:\/\/elcuartopoder.com.mx\/nw\/wp-json\/wp\/v2\/posts\/103177","targetHints":{"allow":["GET"]}}],"collection":[{"href":"http:\/\/elcuartopoder.com.mx\/nw\/wp-json\/wp\/v2\/posts"}],"about":[{"href":"http:\/\/elcuartopoder.com.mx\/nw\/wp-json\/wp\/v2\/types\/post"}],"author":[{"embeddable":true,"href":"http:\/\/elcuartopoder.com.mx\/nw\/wp-json\/wp\/v2\/users\/2"}],"replies":[{"embeddable":true,"href":"http:\/\/elcuartopoder.com.mx\/nw\/wp-json\/wp\/v2\/comments?post=103177"}],"version-history":[{"count":2,"href":"http:\/\/elcuartopoder.com.mx\/nw\/wp-json\/wp\/v2\/posts\/103177\/revisions"}],"predecessor-version":[{"id":103180,"href":"http:\/\/elcuartopoder.com.mx\/nw\/wp-json\/wp\/v2\/posts\/103177\/revisions\/103180"}],"wp:featuredmedia":[{"embeddable":true,"href":"http:\/\/elcuartopoder.com.mx\/nw\/wp-json\/wp\/v2\/media\/103178"}],"wp:attachment":[{"href":"http:\/\/elcuartopoder.com.mx\/nw\/wp-json\/wp\/v2\/media?parent=103177"}],"wp:term":[{"taxonomy":"category","embeddable":true,"href":"http:\/\/elcuartopoder.com.mx\/nw\/wp-json\/wp\/v2\/categories?post=103177"},{"taxonomy":"post_tag","embeddable":true,"href":"http:\/\/elcuartopoder.com.mx\/nw\/wp-json\/wp\/v2\/tags?post=103177"}],"curies":[{"name":"wp","href":"https:\/\/api.w.org\/{rel}","templated":true}]}}