{"id":103184,"date":"2022-02-24T09:33:19","date_gmt":"2022-02-24T14:33:19","guid":{"rendered":"http:\/\/elcuartopoder.com.mx\/nw\/?p=103184"},"modified":"2022-02-24T02:01:51","modified_gmt":"2022-02-24T07:01:51","slug":"el-problema-de-los-suicidios","status":"publish","type":"post","link":"http:\/\/elcuartopoder.com.mx\/nw\/editorial\/el-problema-de-los-suicidios\/","title":{"rendered":"El problema de los suicidios"},"content":{"rendered":"\n<h2 class=\"wp-block-heading\">La salud mental se volvi\u00f3 un grave problema, y pudiera ser el COVID-19 el principal responsable, asociado a la nula estrategia de atenci\u00f3n<\/h2>\n\n\n\n<p>Apenas el viernes convers\u00e1bamos con un aspirante al gobierno de Durango sobre el grave aumento de suicidios en la entidad del alacr\u00e1n. \u00c9l puso en la mesa el tema al preguntarle qu\u00e9 otros problemas preocupan en el estado, adem\u00e1s de la inseguridad.<\/p>\n\n\n\n<p>Dos d\u00edas despu\u00e9s, la diputada federal Celeste S\u00e1nchez Romero, del PT, apareci\u00f3 muerta en su casa de Durango.\u00a0<\/p>\n\n\n\n<p>La Fiscal\u00eda ya descart\u00f3 que la legisladora, de 32 a\u00f1os, haya sido asesinada y con la reserva del caso, todo apunta, seg\u00fan las investigaciones, a que se trata de un suicidio. La polic\u00eda encontr\u00f3 una carta, que ella habr\u00eda escrito minutos antes de perder la vida, as\u00ed como una jeringa y medicamento que se habr\u00eda inyectado y provocado una broncoaspiraci\u00f3n.<\/p>\n\n\n\n<p>Al tratarse de una diputada federal el fen\u00f3meno se visibiliza y confirma lo que nos dijo el aspirante a gobernador.<\/p>\n\n\n\n<p>La tasa de suicidios deber\u00eda obligar a la Secretar\u00eda de Salud federal y estatal&nbsp;a tomar cartas en el asunto&nbsp;cuanto antes, f\u00edjense por qu\u00e9:<\/p>\n\n\n\n<p>El a\u00f1o 2019, antes de la pandemia, Durango, gobernado por Jos\u00e9 Rosas Aispuro, cerr\u00f3 con 153 suicidios, de acuerdo con datos oficiales. En 2020, a\u00f1o de la pandemia y encierro, el fen\u00f3meno mostr\u00f3 una reducci\u00f3n al situarse en 131 casos. Sin embargo, en 2021 subi\u00f3 a 170 suicidios.<\/p>\n\n\n\n<p>Pero el peor momento en Durango, como en todo el pa\u00eds de esa otra pandemia, la de quienes atentan contra su vida, lo est\u00e1 viviendo en lo que va del a\u00f1o: suman ya 28 los suicidios registrados tan solo en esa entidad, lo que representa que se han registrado 1.2 casos por d\u00eda, durante los primeros 53 d\u00edas del presente a\u00f1o. Es decir, a ese ritmo, si no se frenan, se estar\u00e1 cerrando 2022 con 374 casos.<\/p>\n\n\n\n<p>Desafortunadamente Durango no es la \u00fanica entidad que experimenta un incremento de suicidios en el pa\u00eds. La salud mental se volvi\u00f3 un grave problema y todo indica que pudiera ser el COVID el principal responsable, asociado con una nula estrategia para atender el da\u00f1o. Aunque Durango mostr\u00f3 una reducci\u00f3n de suicidios en 2020, a\u00f1o del COVID, fue el lapso con m\u00e1s suicidios en una d\u00e9cada, en M\u00e9xico.<\/p>\n\n\n\n<p>Yucat\u00e1n, gobernada por Mauricio Vila Dosal, no tiene precedente en suicidios, es in\u00e9dito lo que sucede: 2021 cerr\u00f3 con 300 casos. Campeche, de Layda Sansores, tambi\u00e9n registr\u00f3 en 2021 su segundo a\u00f1o con m\u00e1s casos: 106.&nbsp;<\/p>\n\n\n\n<p>Deber\u00edan Jorge Alcocer y Hugo L\u00f3pez-Gatell convocar a analizar lo que pasa tambi\u00e9n en Chihuahua, de Maru Campos, y Aguascalientes, de Mart\u00edn Orozco, ubicados en primero y segundo lugar, respectivamente, as\u00ed como en el resto del pa\u00eds, y asumir pol\u00edticas p\u00fablicas cu\u00e1nto antes. No hay nada que festejar, las pandemias no han terminado. Empiezan a agravarse otras.<\/p>\n\n\n\n<p><strong>Uppercut:&nbsp;<\/strong>AMLO visita Colima, entidad&nbsp;bajo fuego,&nbsp;donde se han suspendido todo tipo de actividades durante d\u00edas, por los enfrentamientos entre grupos criminales.<\/p>\n\n\n\n<p>Por Alejandro S\u00e1nchez<\/p>\n\n\n\n<p><\/p>\n","protected":false},"excerpt":{"rendered":"<p>La salud mental se volvi\u00f3 un grave problema, y pudiera ser el COVID-19 el principal responsable, asociado a la nula estrategia de atenci\u00f3n Apenas el viernes convers\u00e1bamos con un aspirante al gobierno de Durango sobre el grave aumento de suicidios en la entidad del alacr\u00e1n. \u00c9l puso en la mesa el tema al preguntarle qu\u00e9 [&hellip;]<\/p>\n","protected":false},"author":2,"featured_media":103182,"comment_status":"open","ping_status":"open","sticky":false,"template":"","format":"standard","meta":{"footnotes":""},"categories":[63],"tags":[],"class_list":["post-103184","post","type-post","status-publish","format-standard","has-post-thumbnail","hentry","category-editorial"],"_links":{"self":[{"href":"http:\/\/elcuartopoder.com.mx\/nw\/wp-json\/wp\/v2\/posts\/103184","targetHints":{"allow":["GET"]}}],"collection":[{"href":"http:\/\/elcuartopoder.com.mx\/nw\/wp-json\/wp\/v2\/posts"}],"about":[{"href":"http:\/\/elcuartopoder.com.mx\/nw\/wp-json\/wp\/v2\/types\/post"}],"author":[{"embeddable":true,"href":"http:\/\/elcuartopoder.com.mx\/nw\/wp-json\/wp\/v2\/users\/2"}],"replies":[{"embeddable":true,"href":"http:\/\/elcuartopoder.com.mx\/nw\/wp-json\/wp\/v2\/comments?post=103184"}],"version-history":[{"count":1,"href":"http:\/\/elcuartopoder.com.mx\/nw\/wp-json\/wp\/v2\/posts\/103184\/revisions"}],"predecessor-version":[{"id":103185,"href":"http:\/\/elcuartopoder.com.mx\/nw\/wp-json\/wp\/v2\/posts\/103184\/revisions\/103185"}],"wp:featuredmedia":[{"embeddable":true,"href":"http:\/\/elcuartopoder.com.mx\/nw\/wp-json\/wp\/v2\/media\/103182"}],"wp:attachment":[{"href":"http:\/\/elcuartopoder.com.mx\/nw\/wp-json\/wp\/v2\/media?parent=103184"}],"wp:term":[{"taxonomy":"category","embeddable":true,"href":"http:\/\/elcuartopoder.com.mx\/nw\/wp-json\/wp\/v2\/categories?post=103184"},{"taxonomy":"post_tag","embeddable":true,"href":"http:\/\/elcuartopoder.com.mx\/nw\/wp-json\/wp\/v2\/tags?post=103184"}],"curies":[{"name":"wp","href":"https:\/\/api.w.org\/{rel}","templated":true}]}}