{"id":103186,"date":"2022-02-24T10:47:15","date_gmt":"2022-02-24T15:47:15","guid":{"rendered":"http:\/\/elcuartopoder.com.mx\/nw\/?p=103186"},"modified":"2022-02-24T10:47:17","modified_gmt":"2022-02-24T15:47:17","slug":"zaldivar-revela-fue-presionado-por-calderon-para-proteger-a-zavala-por-guarderia-abc","status":"publish","type":"post","link":"http:\/\/elcuartopoder.com.mx\/nw\/destacadas\/zaldivar-revela-fue-presionado-por-calderon-para-proteger-a-zavala-por-guarderia-abc\/","title":{"rendered":"ZALD\u00cdVAR REVELA FUE PRESIONADO POR CALDER\u00d3N PARA PROTEGER A ZAVALA POR GUARDER\u00cdA ABC"},"content":{"rendered":"\n<p>El presidente de la Suprema Corte de Justicia de la Naci\u00f3n (SCJN), Arturo Zald\u00edvar Lelo de Larrea, revel\u00f3 que durante el gobierno de Felipe Calder\u00f3n recibi\u00f3 presiones por el proyecto de resoluci\u00f3n que present\u00f3 en 2010 para el caso de la Guarder\u00eda ABC.\u201cHoy puedo dar fe de una operaci\u00f3n de Estado para proteger a la familia de la esposa (Margarita Zavala) del presidente (Felipe Calder\u00f3n), para proteger a los altos funcionarios p\u00fablicos de ese gobierno que hoy vienen a hablar de Estado de Derecho y de autonom\u00eda y de no s\u00e9 cu\u00e1ntas cosas, sin ninguna autoridad para decirlo\u201d, expres\u00f3 durante la presentaci\u00f3n de su libro \u201810 a\u00f1os de derechos. Autobiograf\u00eda jurisprudencial\u2019, en la Escuela Federal de Formaci\u00f3n Judicial.Zald\u00edvar se\u00f1al\u00f3 que tuvo una discusi\u00f3n con el entonces secretario de Gobernaci\u00f3n, quien en ese entonces era Fernando G\u00f3mez Mont por el caso de la Guarder\u00eda ABC.Incluso, manifest\u00f3 que en ese momento le dijo al entonces secretario de Gobernaci\u00f3n que \u00e9l no era un empleado del presidente y no cargar\u00eda con \u201cla muerte de 49 ni\u00f1os\u201d.\u201cEn un momento me dice el secretario: \u2018Dice el Presidente que no te apoyamos para esto\u2019, y le dije, \u2018dile al Presidente que postul\u00f3 un ministro, no design\u00f3 un secretario de Estado, que yo no soy su empleado y no voy a llevar en mi conciencia la muerte de 49 ni\u00f1os\u2018\u201d, manifest\u00f3 elPrecis\u00f3 que para \u00e9l lo m\u00e1s importante es estar del lado de \u201clos derechos de todas las personas\u201d.\u201cHay mayor\u00edas vergonzosas y hay minor\u00edas que honran, hay votaciones que se pierden, pero hay debates que se ganan, y lo importante es tratar de estar siempre del lado correcto de la historia, y para m\u00ed el \u00fanico lado correcto de la historia es el de los derechos de todas las personas\u201d, apunt\u00f3.Tambi\u00e9n indic\u00f3 que algunos pap\u00e1s y mam\u00e1s le contaron que el gobierno de Felipe Calder\u00f3n no hab\u00eda permitido que salieran aviones a Sacramento, donde hab\u00eda un hospital esper\u00e1ndolos para atender a los menores, pues no quer\u00edan que se hiciera grande el esc\u00e1ndalo. <\/p>\n","protected":false},"excerpt":{"rendered":"<p>El presidente de la Suprema Corte de Justicia de la Naci\u00f3n (SCJN), Arturo Zald\u00edvar Lelo de Larrea, revel\u00f3 que durante el gobierno de Felipe Calder\u00f3n recibi\u00f3 presiones por el proyecto de resoluci\u00f3n que present\u00f3 en 2010 para el caso de la Guarder\u00eda ABC.\u201cHoy puedo dar fe de una operaci\u00f3n de Estado para proteger a la [&hellip;]<\/p>\n","protected":false},"author":2,"featured_media":103187,"comment_status":"open","ping_status":"open","sticky":false,"template":"","format":"standard","meta":{"footnotes":""},"categories":[59],"tags":[],"class_list":["post-103186","post","type-post","status-publish","format-standard","has-post-thumbnail","hentry","category-destacadas"],"_links":{"self":[{"href":"http:\/\/elcuartopoder.com.mx\/nw\/wp-json\/wp\/v2\/posts\/103186","targetHints":{"allow":["GET"]}}],"collection":[{"href":"http:\/\/elcuartopoder.com.mx\/nw\/wp-json\/wp\/v2\/posts"}],"about":[{"href":"http:\/\/elcuartopoder.com.mx\/nw\/wp-json\/wp\/v2\/types\/post"}],"author":[{"embeddable":true,"href":"http:\/\/elcuartopoder.com.mx\/nw\/wp-json\/wp\/v2\/users\/2"}],"replies":[{"embeddable":true,"href":"http:\/\/elcuartopoder.com.mx\/nw\/wp-json\/wp\/v2\/comments?post=103186"}],"version-history":[{"count":1,"href":"http:\/\/elcuartopoder.com.mx\/nw\/wp-json\/wp\/v2\/posts\/103186\/revisions"}],"predecessor-version":[{"id":103188,"href":"http:\/\/elcuartopoder.com.mx\/nw\/wp-json\/wp\/v2\/posts\/103186\/revisions\/103188"}],"wp:featuredmedia":[{"embeddable":true,"href":"http:\/\/elcuartopoder.com.mx\/nw\/wp-json\/wp\/v2\/media\/103187"}],"wp:attachment":[{"href":"http:\/\/elcuartopoder.com.mx\/nw\/wp-json\/wp\/v2\/media?parent=103186"}],"wp:term":[{"taxonomy":"category","embeddable":true,"href":"http:\/\/elcuartopoder.com.mx\/nw\/wp-json\/wp\/v2\/categories?post=103186"},{"taxonomy":"post_tag","embeddable":true,"href":"http:\/\/elcuartopoder.com.mx\/nw\/wp-json\/wp\/v2\/tags?post=103186"}],"curies":[{"name":"wp","href":"https:\/\/api.w.org\/{rel}","templated":true}]}}