{"id":103189,"date":"2022-02-24T16:32:43","date_gmt":"2022-02-24T21:32:43","guid":{"rendered":"http:\/\/elcuartopoder.com.mx\/nw\/?p=103189"},"modified":"2022-02-24T16:32:44","modified_gmt":"2022-02-24T21:32:44","slug":"amlo-sobre-operacion-de-estado-en-caso-guarderia-abc-yo-le-creo-a-zaldivar","status":"publish","type":"post","link":"http:\/\/elcuartopoder.com.mx\/nw\/opinion\/amlo-sobre-operacion-de-estado-en-caso-guarderia-abc-yo-le-creo-a-zaldivar\/","title":{"rendered":"AMLO sobre \u2018operaci\u00f3n de Estado\u2019 en caso Guarder\u00eda ABC: \u2018Yo le creo a Zald\u00edvar\u2019"},"content":{"rendered":"\n<p>El presidente Andr\u00e9s Manuel L\u00f3pez Obrador asegur\u00f3 que conf\u00eda en las declaraciones de&nbsp;<strong>Arturo Zald\u00edvar<\/strong>, presidente de la Suprema Corte de Justicia de la Naci\u00f3n, sobre el caso de la&nbsp;<strong>Guarder\u00eda ABC<\/strong>.<\/p>\n\n\n\n<p>Cuestionado sobre las acusaciones del ministro,\u00a0quien denunci\u00f3 presiones y una \u2018operaci\u00f3n de Estado\u2019 para proteger a familia de Margarita Zavala,\u00a0<strong>el mandatario mexicano dijo afirm\u00f3 que ya conoc\u00eda la versi\u00f3n de Zald\u00edvar<\/strong>\u00a0y despotric\u00f3 contra las voces que cuestionan al presidente de la SCJN por revelar esta informaci\u00f3n 12 a\u00f1os despu\u00e9s del lamentable hecho.<\/p>\n\n\n\n<p><strong>\u201cLo que declar\u00f3 el ministro de la Corte Arturo Zald\u00edvar es real, le creo<\/strong>. Porque es una gente recta, lo considero una persona \u00edntegra\u201d, dijo AMLO durante la conferencia matutina de este jueves.<\/p>\n\n\n\n<p>\u201cY los que est\u00e1n m\u00e1s preocupados en preguntar por qu\u00e9 se call\u00f3 durante tanto tiempo, en vez de pedir cuentas a los responsables, les digo,&nbsp;<strong>yo ya conoc\u00eda esta versi\u00f3n<\/strong>, esta en el expediente sobre el caso y est\u00e1n las resoluciones de los ministros que votaron a favor del carpetazo, existen pruebas\u201d, sentenci\u00f3.<\/p>\n\n\n\n<p>Insisti\u00f3 en que las acusaciones de Arturo Zald\u00edvar ya eran de&nbsp;<strong>dominio p\u00fablico&nbsp;<\/strong>y que incluso se hab\u00edan dado a conocer en un libro y reportajes period\u00edsticos. Agreg\u00f3 que su gobierno tiene la responsabilidad de&nbsp;<strong>buscar justica para las v\u00edctimas de este caso&nbsp;<\/strong>y cuestion\u00f3 a Felipe Calder\u00f3n por mandar proteger a la familia de su esposa.<\/p>\n\n\n\n<p>\u201cQu\u00e9 autoridad moral puede tener un presidente que ordena que se oculten hechos tan lamentables como los de la Guarder\u00eda ABC.\u00a0<strong>Ni modo que el presidente Calder\u00f3n haya dado la orden de que se quemara la guarder\u00eda, pues no<\/strong>. Entonces, si ellos no ordenaron estos actos inhumanos,\u00a0<strong>por qu\u00e9 encubrir, por qu\u00e9 no transparentar, decir la verdad<\/strong>\u201d, cuestion\u00f3.<\/p>\n\n\n\n<p>Asimismo, el titular del Ejecutivo calific\u00f3 el incendio de la Guarder\u00eda ABC como un hecho lamentable, doloroso,\u00a0<strong>donde es evidente que hubo impunidad<\/strong>.<\/p>\n\n\n\n<p>\u201c<strong>Ojal\u00e1 nunca m\u00e1s vuelva a repetirse un hecho como el incendio de la Guarder\u00eda ABC<\/strong>,&nbsp; que no se cierre el expediente, que se busque que haya justicia\u201d, dijo.<\/p>\n\n\n\n<p>\u201cNosotros en su momento lo dijimos, de que hab\u00eda\u00a0<strong>protecci\u00f3n<\/strong>, que\u00a0<strong>hab\u00edan intereses pol\u00edticos<\/strong>\u00a0y lo m\u00e1s lamentable es que usaron la tragedia de la Guarder\u00eda ABC con prop\u00f3sitos electorales\u201d, acus\u00f3.<\/p>\n\n\n\n<p><strong>Fuente:<\/strong> elfinanciero<\/p>\n\n\n\n<p><br><\/p>\n","protected":false},"excerpt":{"rendered":"<p>El presidente Andr\u00e9s Manuel L\u00f3pez Obrador asegur\u00f3 que conf\u00eda en las declaraciones de&nbsp;Arturo Zald\u00edvar, presidente de la Suprema Corte de Justicia de la Naci\u00f3n, sobre el caso de la&nbsp;Guarder\u00eda ABC. Cuestionado sobre las acusaciones del ministro,\u00a0quien denunci\u00f3 presiones y una \u2018operaci\u00f3n de Estado\u2019 para proteger a familia de Margarita Zavala,\u00a0el mandatario mexicano dijo afirm\u00f3 que [&hellip;]<\/p>\n","protected":false},"author":2,"featured_media":103190,"comment_status":"open","ping_status":"open","sticky":false,"template":"","format":"standard","meta":{"footnotes":""},"categories":[62],"tags":[],"class_list":["post-103189","post","type-post","status-publish","format-standard","has-post-thumbnail","hentry","category-opinion"],"_links":{"self":[{"href":"http:\/\/elcuartopoder.com.mx\/nw\/wp-json\/wp\/v2\/posts\/103189","targetHints":{"allow":["GET"]}}],"collection":[{"href":"http:\/\/elcuartopoder.com.mx\/nw\/wp-json\/wp\/v2\/posts"}],"about":[{"href":"http:\/\/elcuartopoder.com.mx\/nw\/wp-json\/wp\/v2\/types\/post"}],"author":[{"embeddable":true,"href":"http:\/\/elcuartopoder.com.mx\/nw\/wp-json\/wp\/v2\/users\/2"}],"replies":[{"embeddable":true,"href":"http:\/\/elcuartopoder.com.mx\/nw\/wp-json\/wp\/v2\/comments?post=103189"}],"version-history":[{"count":1,"href":"http:\/\/elcuartopoder.com.mx\/nw\/wp-json\/wp\/v2\/posts\/103189\/revisions"}],"predecessor-version":[{"id":103191,"href":"http:\/\/elcuartopoder.com.mx\/nw\/wp-json\/wp\/v2\/posts\/103189\/revisions\/103191"}],"wp:featuredmedia":[{"embeddable":true,"href":"http:\/\/elcuartopoder.com.mx\/nw\/wp-json\/wp\/v2\/media\/103190"}],"wp:attachment":[{"href":"http:\/\/elcuartopoder.com.mx\/nw\/wp-json\/wp\/v2\/media?parent=103189"}],"wp:term":[{"taxonomy":"category","embeddable":true,"href":"http:\/\/elcuartopoder.com.mx\/nw\/wp-json\/wp\/v2\/categories?post=103189"},{"taxonomy":"post_tag","embeddable":true,"href":"http:\/\/elcuartopoder.com.mx\/nw\/wp-json\/wp\/v2\/tags?post=103189"}],"curies":[{"name":"wp","href":"https:\/\/api.w.org\/{rel}","templated":true}]}}