{"id":103446,"date":"2022-03-02T09:35:10","date_gmt":"2022-03-02T14:35:10","guid":{"rendered":"http:\/\/elcuartopoder.com.mx\/nw\/?p=103446"},"modified":"2022-03-02T09:35:11","modified_gmt":"2022-03-02T14:35:11","slug":"admite-seguridad-publica-multiejecucion-en-michoacan","status":"publish","type":"post","link":"http:\/\/elcuartopoder.com.mx\/nw\/policiacas\/admite-seguridad-publica-multiejecucion-en-michoacan\/","title":{"rendered":"Admite Seguridad P\u00fablica multiejecuci\u00f3n en Michoac\u00e1n"},"content":{"rendered":"\n<p class=\"wp-block-paragraph\">El Gobierno federal admiti\u00f3 que el hecho ocurrido en San Jos\u00e9 de Gracia, Michoac\u00e1n, se trat\u00f3 de una multiejecuci\u00f3n y no fusilamiento, ya que no hubo una acci\u00f3n sincronizada.&nbsp;<br><br>\u00abEste es el lugar donde estaban colocada las personas, estos son los indicios de algunos impactos de arma de fuego, no se puede apreciar que haya habido una sola l\u00ednea; es decir, esa tesis del supuesto fusilamiento.<\/p>\n\n\n\n<p class=\"wp-block-paragraph\">\u00abSino que al estar los sicarios, al haber fuego, empezaron a disparar, pero no hubo digamos una acci\u00f3n sincronizada para cometer este il\u00edcito\u00bb, coment\u00f3 Ricardo Mej\u00eda Berdeja, subsecretario de Seguridad P\u00fablica en conferencia ma\u00f1anera.<br><br>Mej\u00eda Berdeja relat\u00f3 que el m\u00f3vil apunta a una posible venganza entre grupos vinculados a la delincuencia organizada.<\/p>\n\n\n\n<p class=\"wp-block-paragraph\">Los involucrados, quienes ten\u00edan diferencias de car\u00e1cter personal y familiar, fueron Alejando -alias \u00abEl Pel\u00f3n\u00bb- y Abel -alias \u00abEl Toro\u00bb o \u00abEl Viej\u00f3n\u00bb.<\/p>\n\n\n\n<p class=\"wp-block-paragraph\"><strong>Fuente<\/strong>: XEU\n\n<\/p>\n","protected":false},"excerpt":{"rendered":"<p>El Gobierno federal admiti\u00f3 que el hecho ocurrido en San Jos\u00e9 de Gracia, Michoac\u00e1n, se trat\u00f3 de una multiejecuci\u00f3n y no fusilamiento, ya que no hubo una acci\u00f3n sincronizada.&nbsp; \u00abEste es el lugar donde estaban colocada las personas, estos son los indicios de algunos impactos de arma de fuego, no se puede apreciar que haya [&hellip;]<\/p>\n","protected":false},"author":2,"featured_media":103447,"comment_status":"open","ping_status":"open","sticky":false,"template":"","format":"standard","meta":{"footnotes":""},"categories":[23],"tags":[],"class_list":["post-103446","post","type-post","status-publish","format-standard","has-post-thumbnail","hentry","category-policiacas"],"_links":{"self":[{"href":"http:\/\/elcuartopoder.com.mx\/nw\/wp-json\/wp\/v2\/posts\/103446","targetHints":{"allow":["GET"]}}],"collection":[{"href":"http:\/\/elcuartopoder.com.mx\/nw\/wp-json\/wp\/v2\/posts"}],"about":[{"href":"http:\/\/elcuartopoder.com.mx\/nw\/wp-json\/wp\/v2\/types\/post"}],"author":[{"embeddable":true,"href":"http:\/\/elcuartopoder.com.mx\/nw\/wp-json\/wp\/v2\/users\/2"}],"replies":[{"embeddable":true,"href":"http:\/\/elcuartopoder.com.mx\/nw\/wp-json\/wp\/v2\/comments?post=103446"}],"version-history":[{"count":1,"href":"http:\/\/elcuartopoder.com.mx\/nw\/wp-json\/wp\/v2\/posts\/103446\/revisions"}],"predecessor-version":[{"id":103448,"href":"http:\/\/elcuartopoder.com.mx\/nw\/wp-json\/wp\/v2\/posts\/103446\/revisions\/103448"}],"wp:featuredmedia":[{"embeddable":true,"href":"http:\/\/elcuartopoder.com.mx\/nw\/wp-json\/wp\/v2\/media\/103447"}],"wp:attachment":[{"href":"http:\/\/elcuartopoder.com.mx\/nw\/wp-json\/wp\/v2\/media?parent=103446"}],"wp:term":[{"taxonomy":"category","embeddable":true,"href":"http:\/\/elcuartopoder.com.mx\/nw\/wp-json\/wp\/v2\/categories?post=103446"},{"taxonomy":"post_tag","embeddable":true,"href":"http:\/\/elcuartopoder.com.mx\/nw\/wp-json\/wp\/v2\/tags?post=103446"}],"curies":[{"name":"wp","href":"https:\/\/api.w.org\/{rel}","templated":true}]}}