{"id":104069,"date":"2022-03-18T18:30:46","date_gmt":"2022-03-18T23:30:46","guid":{"rendered":"http:\/\/elcuartopoder.com.mx\/nw\/?p=104069"},"modified":"2022-03-18T18:30:48","modified_gmt":"2022-03-18T23:30:48","slug":"quintana-roo-acelerara-reactivacion-con-nuevas-medidas","status":"publish","type":"post","link":"http:\/\/elcuartopoder.com.mx\/nw\/estatales\/quintana-roo-acelerara-reactivacion-con-nuevas-medidas\/","title":{"rendered":"Quintana Roo acelerar\u00e1 reactivaci\u00f3n con nuevas medidas"},"content":{"rendered":"\n<p>Carlos Joaqu\u00edn Gonz\u00e1lez dijo que la pr\u00f3xima semana habr\u00e1 un anuncio sobre estas disposiciones.<\/p>\n\n\n\n<p>El gobernador de Quintana Roo,&nbsp;<strong>Carlos Joaqu\u00edn<\/strong>&nbsp;expres\u00f3 ayer que la pr\u00f3xima semana habr\u00e1 anuncios sobre la modificaci\u00f3n de las medidas implementadas para mitigar contagios por Covid-19 que permitir\u00e1n acelerar la recuperaci\u00f3n econ\u00f3mica y regresar a las actividades cotidianas.<\/p>\n\n\n\n<p>Adelant\u00f3 que se privilegiar\u00e1 el uso de espacios abiertos, ventilados, el mantenimiento de la sana distancia y los h\u00e1bitos de higiene, de modo tal que haya m\u00e1s generaci\u00f3n de empleo y mejores ingresos para las familias quintanarroenses. Para la semana del 21 al 27 de marzo pr\u00f3ximos, todo Quintana Roo -regiones norte y sur- se mantiene en color verde en el\u00a0<strong>Sem\u00e1foro Epidemiol\u00f3gico Estatal<\/strong>.<\/p>\n\n\n\n<p>Durante el programa Caminando Juntos, el gobernador de Quintana Roo precis\u00f3 que la recuperaci\u00f3n econ\u00f3mica va muy bien, se siguen creando empleos, se avanza en los procesos de recuperaci\u00f3n como resultado de mantenernos en el color verde en el&nbsp;<strong>sem\u00e1foro epidemiol\u00f3gico estatal y federal<\/strong>.<\/p>\n\n\n\n<p><em>\u201cEstamos en color verde y lo importante es cuidar la salud y la alimentaci\u00f3n. Estamos de regreso a las clases presenciales y vamos por buen camino hacia la recuperaci\u00f3n de nuestro sistema educativo que da fortaleza al desarrollo de Quintana Roo\u201d<\/em>, a\u00f1adi\u00f3 Carlos Joaqu\u00edn.<\/p>\n\n\n\n<figure class=\"wp-block-image size-large\"><img loading=\"lazy\" decoding=\"async\" width=\"1024\" height=\"873\" src=\"http:\/\/elcuartopoder.com.mx\/nw\/wp-content\/uploads\/2022\/03\/FOGPas5XsAIxPnY-1024x873.jpg\" alt=\"\" class=\"wp-image-104070\" srcset=\"http:\/\/elcuartopoder.com.mx\/nw\/wp-content\/uploads\/2022\/03\/FOGPas5XsAIxPnY-1024x873.jpg 1024w, http:\/\/elcuartopoder.com.mx\/nw\/wp-content\/uploads\/2022\/03\/FOGPas5XsAIxPnY-300x256.jpg 300w, http:\/\/elcuartopoder.com.mx\/nw\/wp-content\/uploads\/2022\/03\/FOGPas5XsAIxPnY-768x655.jpg 768w, http:\/\/elcuartopoder.com.mx\/nw\/wp-content\/uploads\/2022\/03\/FOGPas5XsAIxPnY-696x594.jpg 696w, http:\/\/elcuartopoder.com.mx\/nw\/wp-content\/uploads\/2022\/03\/FOGPas5XsAIxPnY.jpg 1279w\" sizes=\"auto, (max-width: 1024px) 100vw, 1024px\" \/><\/figure>\n\n\n\n<p>El programa fue transmitido desde el\u00a0<strong>Shark Tower Canc\u00fan<\/strong>, inaugurado momentos antes, que representa la confianza de los inversionistas en Quintana Roo y cuya arquitectura seguramente se convertir\u00e1 en un referente de este destino tur\u00edstico de clase mundial.<\/p>\n\n\n\n<figure class=\"wp-block-image size-large\"><img loading=\"lazy\" decoding=\"async\" width=\"1024\" height=\"801\" src=\"http:\/\/elcuartopoder.com.mx\/nw\/wp-content\/uploads\/2022\/03\/FOGPaVtXsAgL1Ee-1024x801.jpg\" alt=\"\" class=\"wp-image-104071\" srcset=\"http:\/\/elcuartopoder.com.mx\/nw\/wp-content\/uploads\/2022\/03\/FOGPaVtXsAgL1Ee-1024x801.jpg 1024w, http:\/\/elcuartopoder.com.mx\/nw\/wp-content\/uploads\/2022\/03\/FOGPaVtXsAgL1Ee-300x235.jpg 300w, http:\/\/elcuartopoder.com.mx\/nw\/wp-content\/uploads\/2022\/03\/FOGPaVtXsAgL1Ee-768x601.jpg 768w, http:\/\/elcuartopoder.com.mx\/nw\/wp-content\/uploads\/2022\/03\/FOGPaVtXsAgL1Ee-696x544.jpg 696w, http:\/\/elcuartopoder.com.mx\/nw\/wp-content\/uploads\/2022\/03\/FOGPaVtXsAgL1Ee.jpg 1280w\" sizes=\"auto, (max-width: 1024px) 100vw, 1024px\" \/><\/figure>\n\n\n\n<p>El gobernador Carlos Joaqu\u00edn convers\u00f3 con la presidenta de la Asociaci\u00f3n de Clubes Vacacionales de Quintana Roo (Acluvaq) Miriam Cort\u00e9s, quien destac\u00f3 que el turismo de tiempos compartidos est\u00e1 bien, se han ido consolidando.<\/p>\n\n\n\n<figure class=\"wp-block-image size-large\"><img loading=\"lazy\" decoding=\"async\" width=\"1024\" height=\"682\" src=\"http:\/\/elcuartopoder.com.mx\/nw\/wp-content\/uploads\/2022\/03\/FOGPWK3XwAA_zo--1024x682.jpg\" alt=\"\" class=\"wp-image-104072\" srcset=\"http:\/\/elcuartopoder.com.mx\/nw\/wp-content\/uploads\/2022\/03\/FOGPWK3XwAA_zo--1024x682.jpg 1024w, http:\/\/elcuartopoder.com.mx\/nw\/wp-content\/uploads\/2022\/03\/FOGPWK3XwAA_zo--300x200.jpg 300w, http:\/\/elcuartopoder.com.mx\/nw\/wp-content\/uploads\/2022\/03\/FOGPWK3XwAA_zo--768x512.jpg 768w, http:\/\/elcuartopoder.com.mx\/nw\/wp-content\/uploads\/2022\/03\/FOGPWK3XwAA_zo--696x464.jpg 696w, http:\/\/elcuartopoder.com.mx\/nw\/wp-content\/uploads\/2022\/03\/FOGPWK3XwAA_zo-.jpg 1280w\" sizes=\"auto, (max-width: 1024px) 100vw, 1024px\" \/><\/figure>\n\n\n\n<p>Precis\u00f3 que el manejo correcto de la pandemia permiti\u00f3 que estos clubes vacacionales recibieron hasta cuatro veces a sus hu\u00e9spedes por sentirse cuidados, protegidos y seguros en la entidad. Asimismo, estuvo presente el titular del Instituto de Administraci\u00f3n P\u00fablica del Estado, Le\u00f3n Liz\u00e1rraga Cubedo, quien present\u00f3 un estudio sobre el crecimiento y los fen\u00f3menos que han impactado la econom\u00eda del estado.<\/p>\n\n\n\n<p>Por su parte, el director de la\u00a0<strong>Cofepris<\/strong>\u00a0en el estado, Carlos Ortiz Vel\u00e1zquez, dijo que la dependencia continuar\u00e1 con sus operativos de supervisi\u00f3n para la concientizaci\u00f3n en la aplicaci\u00f3n de h\u00e1bitos y medidas, lo que ha contribuido a que hoy estemos en verde en el sem\u00e1foro epidemiol\u00f3gico estatal.<\/p>\n\n\n\n<p>fuente: Sipse<\/p>\n\n\n\n<p><\/p>\n","protected":false},"excerpt":{"rendered":"<p>Carlos Joaqu\u00edn Gonz\u00e1lez dijo que la pr\u00f3xima semana habr\u00e1 un anuncio sobre estas disposiciones. El gobernador de Quintana Roo,&nbsp;Carlos Joaqu\u00edn&nbsp;expres\u00f3 ayer que la pr\u00f3xima semana habr\u00e1 anuncios sobre la modificaci\u00f3n de las medidas implementadas para mitigar contagios por Covid-19 que permitir\u00e1n acelerar la recuperaci\u00f3n econ\u00f3mica y regresar a las actividades cotidianas. Adelant\u00f3 que se privilegiar\u00e1 [&hellip;]<\/p>\n","protected":false},"author":2,"featured_media":104073,"comment_status":"open","ping_status":"open","sticky":false,"template":"","format":"standard","meta":{"footnotes":""},"categories":[60],"tags":[],"class_list":["post-104069","post","type-post","status-publish","format-standard","has-post-thumbnail","hentry","category-estatales"],"_links":{"self":[{"href":"http:\/\/elcuartopoder.com.mx\/nw\/wp-json\/wp\/v2\/posts\/104069","targetHints":{"allow":["GET"]}}],"collection":[{"href":"http:\/\/elcuartopoder.com.mx\/nw\/wp-json\/wp\/v2\/posts"}],"about":[{"href":"http:\/\/elcuartopoder.com.mx\/nw\/wp-json\/wp\/v2\/types\/post"}],"author":[{"embeddable":true,"href":"http:\/\/elcuartopoder.com.mx\/nw\/wp-json\/wp\/v2\/users\/2"}],"replies":[{"embeddable":true,"href":"http:\/\/elcuartopoder.com.mx\/nw\/wp-json\/wp\/v2\/comments?post=104069"}],"version-history":[{"count":1,"href":"http:\/\/elcuartopoder.com.mx\/nw\/wp-json\/wp\/v2\/posts\/104069\/revisions"}],"predecessor-version":[{"id":104074,"href":"http:\/\/elcuartopoder.com.mx\/nw\/wp-json\/wp\/v2\/posts\/104069\/revisions\/104074"}],"wp:featuredmedia":[{"embeddable":true,"href":"http:\/\/elcuartopoder.com.mx\/nw\/wp-json\/wp\/v2\/media\/104073"}],"wp:attachment":[{"href":"http:\/\/elcuartopoder.com.mx\/nw\/wp-json\/wp\/v2\/media?parent=104069"}],"wp:term":[{"taxonomy":"category","embeddable":true,"href":"http:\/\/elcuartopoder.com.mx\/nw\/wp-json\/wp\/v2\/categories?post=104069"},{"taxonomy":"post_tag","embeddable":true,"href":"http:\/\/elcuartopoder.com.mx\/nw\/wp-json\/wp\/v2\/tags?post=104069"}],"curies":[{"name":"wp","href":"https:\/\/api.w.org\/{rel}","templated":true}]}}