{"id":104128,"date":"2022-03-20T16:06:22","date_gmt":"2022-03-20T21:06:22","guid":{"rendered":"http:\/\/elcuartopoder.com.mx\/nw\/?p=104128"},"modified":"2022-03-20T16:06:24","modified_gmt":"2022-03-20T21:06:24","slug":"otra-vez-sin-chicharito-tata-martino-revelo-convocatoria-del-tri","status":"publish","type":"post","link":"http:\/\/elcuartopoder.com.mx\/nw\/entretenimiento\/deportes\/otra-vez-sin-chicharito-tata-martino-revelo-convocatoria-del-tri\/","title":{"rendered":"\u00a1Otra vez sin Chicharito! Tata Martino revel\u00f3 convocatoria del Tri"},"content":{"rendered":"\n<p>Con las ausencias de Andr\u00e9s Guardado y Rogelio Funes Mori y con Israel Reyes y Santiago Gim\u00e9nez como grandes novedades, M\u00e9xico dio a conocer el jueves la convocatoria de 29 jugadores para enfrentar los tres partidos que definir\u00e1n la eliminatoria mundialista.<\/p>\n\n\n\n<p>Guardado, capit\u00e1n del equipo mexicano y jugador del Betis espa\u00f1ol, sufri\u00f3 una lesi\u00f3n en la parte posterior del muslo izquierdo mientras que el delantero Funes Mori, uno de los consentidos del entrenador argentino Gerardo Martino, tampoco podr\u00e1 estar porque acusa una lesi\u00f3n en el muslo derecho.<\/p>\n\n\n\n<p>El pr\u00f3ximo jueves, M\u00e9xico recibir\u00e1 a Estados Unidos, visitar\u00e1 a Honduras el domingo siguiente y recibir\u00e1 a El Salvador el mi\u00e9rcoles 30 de marzo, para cerrar la eliminatoria de la Concacaf a Qatar 2022.<\/p>\n\n\n\n<p>El Tri posee 21 puntos y ocupa la tercera posici\u00f3n del octagonal definitivo de la eliminatoria, \u00faltima que otorga un pasaje directo al Mundial. Encima de M\u00e9xico marchan Estados Unidos, que tiene la misma cosecha pero una mejor diferencia de goles, y Canad\u00e1, que es l\u00edder con 25 unidades.<\/p>\n\n\n\n<p>Panam\u00e1 se mantiene con 17 puntos, y es cuarto, con lo que tendr\u00eda por ahora el derecho de disputar un repechaje intercontinental ante una selecci\u00f3n de Ocean\u00eda, probablemente Nueva Zelanda.<\/p>\n\n\n\n<p>La lesi\u00f3n de Funes Mori, quien ha sido pieza clave en los llamados desde que el jugador nacido en Argentina se naturaliz\u00f3 mexicano, le abri\u00f3 la puerta a selecci\u00f3n mayor a Santiago Gim\u00e9nez, de 20 a\u00f1os y que ha destacado en Cruz Azul y en selecciones con restricci\u00f3n de edad.<\/p>\n\n\n\n<p>Gim\u00e9nez competir\u00e1 por un puesto detr\u00e1s de Ra\u00fal Jim\u00e9nez y Henry Mart\u00edn, que se perfilan como los nueves titulares.<\/p>\n\n\n\n<p>Jes\u00fas Angulo, quien juega con Tigres, es otro jugador que ser\u00e1 novedad es el lateral por izquierda.<\/p>\n\n\n\n<p>Un llamado que sorprende es el del volante Rodolfo Pizarro, quien no fue llamado en la ventana anterior de partidos y no vive un gran momento desde que regres\u00f3 a M\u00e9xico luego de su paso por el Inter de Miami de la MLS.<\/p>\n\n\n\n<p>La Federaci\u00f3n Mexicana de F\u00fatbol notific\u00f3 que la concentraci\u00f3n comenzar\u00e1 el pr\u00f3ximo s\u00e1bado en el Centro de Alto Rendimiendo localizado en el sur de la capital.<\/p>\n\n\n\n<p>Convocatoria de la Selecci\u00f3n Mexicana<br>Arqueros: Guillermo Ochoa (Am\u00e9rica), Rodolfo Cota (Le\u00f3n), Jonathan Orozco (Tijuana) y Alfredo Talavera (Pumas).<\/p>\n\n\n\n<p>Zagueros: Jorge S\u00e1nchez (Am\u00e9rica), Gerardo Arteaga (Genk, B\u00e9lgica), Johan V\u00e1zquez (G\u00e9nova, Italia), Juli\u00e1n Araujo (LA Galaxy, EEUU), Jes\u00fas Gallardo (Monterrey), C\u00e9sar Montes (Monterrey), H\u00e9ctor Moreno (Monterrey), Israel Reyes (Puebla), N\u00e9stor Araujo (Celta, Espa\u00f1a), Jes\u00fas Angulo (Tigres).<\/p>\n\n\n\n<p>Volantes: Edson \u00c1lvarez (Ajax, Holanda), H\u00e9ctor Herrera (Atl\u00e9tico de Madrid, Espa\u00f1a), Carlos Rodr\u00edguez (Cruz Azul), Luis Romo (Monterrey), Rodolfo Pizarro (Monterrey), Erick Aguirre (Monterrey), Erick Guti\u00e9rrez (PSV Eindhoven, Holanda) y Diego Lainez (Betis, Espa\u00f1a).<\/p>\n\n\n\n<p>Delanteros: Henry Mart\u00edn (Am\u00e9rica), Santiago Gim\u00e9nez (Cruz Azul), Uriel Antuna (Cruz Azul), Alexis Vega (Chivas), Hirving Lozano (Napoli, Italia), Jes\u00fas Corona (Sevilla, Espa\u00f1a) y Ra\u00fal Jim\u00e9nez (Wolverhampton, Inglaterra).<\/p>\n\n\n\n<p>Fuente: SIPSE<\/p>\n","protected":false},"excerpt":{"rendered":"<p>Con las ausencias de Andr\u00e9s Guardado y Rogelio Funes Mori y con Israel Reyes y Santiago Gim\u00e9nez como grandes novedades, M\u00e9xico dio a conocer el jueves la convocatoria de 29 jugadores para enfrentar los tres partidos que definir\u00e1n la eliminatoria mundialista. Guardado, capit\u00e1n del equipo mexicano y jugador del Betis espa\u00f1ol, sufri\u00f3 una lesi\u00f3n en [&hellip;]<\/p>\n","protected":false},"author":2,"featured_media":104129,"comment_status":"open","ping_status":"open","sticky":false,"template":"","format":"standard","meta":{"footnotes":""},"categories":[7],"tags":[],"class_list":["post-104128","post","type-post","status-publish","format-standard","has-post-thumbnail","hentry","category-deportes"],"_links":{"self":[{"href":"http:\/\/elcuartopoder.com.mx\/nw\/wp-json\/wp\/v2\/posts\/104128","targetHints":{"allow":["GET"]}}],"collection":[{"href":"http:\/\/elcuartopoder.com.mx\/nw\/wp-json\/wp\/v2\/posts"}],"about":[{"href":"http:\/\/elcuartopoder.com.mx\/nw\/wp-json\/wp\/v2\/types\/post"}],"author":[{"embeddable":true,"href":"http:\/\/elcuartopoder.com.mx\/nw\/wp-json\/wp\/v2\/users\/2"}],"replies":[{"embeddable":true,"href":"http:\/\/elcuartopoder.com.mx\/nw\/wp-json\/wp\/v2\/comments?post=104128"}],"version-history":[{"count":1,"href":"http:\/\/elcuartopoder.com.mx\/nw\/wp-json\/wp\/v2\/posts\/104128\/revisions"}],"predecessor-version":[{"id":104130,"href":"http:\/\/elcuartopoder.com.mx\/nw\/wp-json\/wp\/v2\/posts\/104128\/revisions\/104130"}],"wp:featuredmedia":[{"embeddable":true,"href":"http:\/\/elcuartopoder.com.mx\/nw\/wp-json\/wp\/v2\/media\/104129"}],"wp:attachment":[{"href":"http:\/\/elcuartopoder.com.mx\/nw\/wp-json\/wp\/v2\/media?parent=104128"}],"wp:term":[{"taxonomy":"category","embeddable":true,"href":"http:\/\/elcuartopoder.com.mx\/nw\/wp-json\/wp\/v2\/categories?post=104128"},{"taxonomy":"post_tag","embeddable":true,"href":"http:\/\/elcuartopoder.com.mx\/nw\/wp-json\/wp\/v2\/tags?post=104128"}],"curies":[{"name":"wp","href":"https:\/\/api.w.org\/{rel}","templated":true}]}}