{"id":104187,"date":"2022-03-22T09:58:02","date_gmt":"2022-03-22T14:58:02","guid":{"rendered":"http:\/\/elcuartopoder.com.mx\/nw\/?p=104187"},"modified":"2022-03-22T09:58:07","modified_gmt":"2022-03-22T14:58:07","slug":"de-sonora-hasta-yucatan-se-recrudece-la-lucha-por-agua-cada-vez-mas-escasa","status":"publish","type":"post","link":"http:\/\/elcuartopoder.com.mx\/nw\/opinion\/de-sonora-hasta-yucatan-se-recrudece-la-lucha-por-agua-cada-vez-mas-escasa\/","title":{"rendered":"De Sonora hasta Yucat\u00e1n se recrudece la lucha por agua, cada vez m\u00e1s escasa"},"content":{"rendered":"\n<p>Peri\u00f3dico La Jornada<br>lunes 21 de marzo de 2022 , p. 25<br>En Sonora, los yaquis defienden la escasa agua de sus afluentes y los habitantes de Cananea y municipios aleda\u00f1os sufren por la contaminaci\u00f3n ocasionada por la minera Buenavista del Cobre, de Grupo M\u00e9xico. Los habitantes de la Laguna consumen l\u00edquido con ars\u00e9nico. En Yucat\u00e1n las granjas de cerdos ponen en riesgo los acu\u00edferos y la salud de la poblaci\u00f3n.<\/p>\n\n\n\n<p>De cara al D\u00eda Mundial del Agua, que se celebra el 22 de marzo, estos son apenas algunos de los m\u00faltiples conflictos por este recurso a lo largo del pa\u00eds, motivados sobre todo porque los sectores industrial y agr\u00edcola acaparan el agua de los territorios, mientras los pobladores la requieren para vivir.<\/p>\n\n\n\n<p>En 2020 hab\u00eda 8.5 millones de mexicanos (de acuerdo con el Consejo Nacional de Evaluaci\u00f3n de la Pol\u00edtica de Desarrollo Social) que carecen del servicio de agua potable y la mayor\u00eda de la poblaci\u00f3n la recibe unos d\u00edas a la semana o al mes. El l\u00edquido es acaparado por actividades como la miner\u00eda y el cultivo de alfalfa o aguacate, entre muchos m\u00e1s, indican expertos. S\u00f3lo 1.1 por ciento de usuarios consume 22.3 por ciento del agua de acu\u00edferos sobrexplotados, precisa el reporte Los millonarios del agua, de Wilfrido G\u00f3mez Arias y Andrea Moctezuma.<\/p>\n\n\n\n<p>En el pa\u00eds, durante d\u00e9cadas el Estado ha privatizado el agua. Seg\u00fan el Instituto Nacional de Estad\u00edstica y Geograf\u00eda, hoy tres de cada cuatro hogares compran agua en garraf\u00f3n o botellas. \u201cQu\u00e9 mejor expresi\u00f3n de un negocio controlado por un grupo de empresas trasnacionales que concentran 80 por ciento del mercado, extraen agua y la venden 494 veces m\u00e1s cara por ponerla en una botella\u201d, comenta Helena Cotler, integrante del Seminario Universitario de Sociedad, Medio Ambiente e Instituciones (Susmai) de la Universidad Nacional Aut\u00f3noma de M\u00e9xico (UNAM).<\/p>\n\n\n\n<p>El derrame de 40 millones de litros de desechos peligrosos de la minera Buenavista del Cobre de Grupo M\u00e9xico en los r\u00edos Sonora y Bacanuchi, que en 2014 afect\u00f3 a miles de personas, sigue sin soluci\u00f3n, pese a que presuntamente se destinaron 2 mil millones de pesos a remediaci\u00f3n. La minera sigue operando y hasta julio de 2019 ya se hab\u00edan reportado otros seis incidentes, informaron los comit\u00e9s de cuenca del r\u00edo Sonora.<\/p>\n\n\n\n<p>Adem\u00e1s, pese al plan de justicia para el pueblo yaqui impulsado por el gobierno federal, persisten los problemas por el agua y se han interpuesto por lo menos 12 recursos de amparo en contra de la creaci\u00f3n del distrito de riego 18, que en septiembre pasado el gobierno federal transfiri\u00f3 al pueblo ind\u00edgena.<\/p>\n\n\n\n<p>Asimismo, los caciques que hist\u00f3ricamente han acaparado el agua se resisten a ceder su control. En el m\u00f3dulo de riego 13, conocido como La Marinera en el municipio Madero, Coahuila, los ejidatarios obtuvieron la titularidad, luego de que por seis a\u00f1os estuvo bajo el control del empresario agrolechero Mario Vald\u00e9s.<\/p>\n\n\n\n<p>La nueva directiva, encabezada por F\u00e9lix Ram\u00edrez, se encontr\u00f3 con que hab\u00eda desaparecido la maquinaria para operar el m\u00f3dulo y enfrenta \u00f3rdenes de aprehensi\u00f3n por presunto secuestro. \u201cEs una persecuci\u00f3n porque los empresarios quieren recuperar el m\u00f3dulo\u201d, sostuvo Elizabeth Estrada, de la Contralor\u00eda Ciudadana de la Laguna, Coahuila, integrada a la Coordinadora Agua para Todos.<\/p>\n\n\n\n<p>Dijo que debido a que en el ejido Lequeitio, en Madero, Coahuila, el agua tiene las m\u00e1s altas concentraciones de ars\u00e9nico del estado y s\u00f3lo les llega un \u201cchorrito\u201d, este martes se inaugurar\u00e1 la Casa del Agua, una cisterna que almacenar\u00e1 el escaso l\u00edquido que cae y la potabilizar\u00e1 para eliminar el ars\u00e9nico. En la regi\u00f3n el gobierno federal impulsa el proyecto Agua Saludable para eliminar el ars\u00e9nico, pero no enfrenta a los concesionarios que sobrexplotan el acu\u00edfero, se\u00f1al\u00f3.<\/p>\n\n\n\n<p>En Yucat\u00e1n, ni\u00f1os mayas de Hom\u00fan, en demanda de que se respete su derecho a un medio ambiente sano, presentaron quejas contra la instalaci\u00f3n de una megagranja porc\u00edcola, la cual fue suspendida por orden judicial, pero existe el riesgo de que reanude actividades porque el tribunal colegiado en materias de trabajo y administrativa del 14 distrito desestim\u00f3 las quejas, indic\u00f3 el Equipo Indignaci\u00f3n. De las 257 granjas porc\u00edcolas identificadas en territorio nacional, 14.2 por ciento est\u00e1n en Yucat\u00e1n.<\/p>\n\n\n\n<p>Fuente: jornada<\/p>\n","protected":false},"excerpt":{"rendered":"<p>Peri\u00f3dico La Jornadalunes 21 de marzo de 2022 , p. 25En Sonora, los yaquis defienden la escasa agua de sus afluentes y los habitantes de Cananea y municipios aleda\u00f1os sufren por la contaminaci\u00f3n ocasionada por la minera Buenavista del Cobre, de Grupo M\u00e9xico. Los habitantes de la Laguna consumen l\u00edquido con ars\u00e9nico. En Yucat\u00e1n las [&hellip;]<\/p>\n","protected":false},"author":2,"featured_media":104188,"comment_status":"open","ping_status":"open","sticky":false,"template":"","format":"standard","meta":{"footnotes":""},"categories":[62],"tags":[],"class_list":["post-104187","post","type-post","status-publish","format-standard","has-post-thumbnail","hentry","category-opinion"],"_links":{"self":[{"href":"http:\/\/elcuartopoder.com.mx\/nw\/wp-json\/wp\/v2\/posts\/104187","targetHints":{"allow":["GET"]}}],"collection":[{"href":"http:\/\/elcuartopoder.com.mx\/nw\/wp-json\/wp\/v2\/posts"}],"about":[{"href":"http:\/\/elcuartopoder.com.mx\/nw\/wp-json\/wp\/v2\/types\/post"}],"author":[{"embeddable":true,"href":"http:\/\/elcuartopoder.com.mx\/nw\/wp-json\/wp\/v2\/users\/2"}],"replies":[{"embeddable":true,"href":"http:\/\/elcuartopoder.com.mx\/nw\/wp-json\/wp\/v2\/comments?post=104187"}],"version-history":[{"count":1,"href":"http:\/\/elcuartopoder.com.mx\/nw\/wp-json\/wp\/v2\/posts\/104187\/revisions"}],"predecessor-version":[{"id":104189,"href":"http:\/\/elcuartopoder.com.mx\/nw\/wp-json\/wp\/v2\/posts\/104187\/revisions\/104189"}],"wp:featuredmedia":[{"embeddable":true,"href":"http:\/\/elcuartopoder.com.mx\/nw\/wp-json\/wp\/v2\/media\/104188"}],"wp:attachment":[{"href":"http:\/\/elcuartopoder.com.mx\/nw\/wp-json\/wp\/v2\/media?parent=104187"}],"wp:term":[{"taxonomy":"category","embeddable":true,"href":"http:\/\/elcuartopoder.com.mx\/nw\/wp-json\/wp\/v2\/categories?post=104187"},{"taxonomy":"post_tag","embeddable":true,"href":"http:\/\/elcuartopoder.com.mx\/nw\/wp-json\/wp\/v2\/tags?post=104187"}],"curies":[{"name":"wp","href":"https:\/\/api.w.org\/{rel}","templated":true}]}}