{"id":104196,"date":"2022-03-22T10:11:57","date_gmt":"2022-03-22T15:11:57","guid":{"rendered":"http:\/\/elcuartopoder.com.mx\/nw\/?p=104196"},"modified":"2022-03-22T10:12:34","modified_gmt":"2022-03-22T15:12:34","slug":"detenida-tras-intentar-meter-droga-a-la-carcel-de-playa-del-carmen","status":"publish","type":"post","link":"http:\/\/elcuartopoder.com.mx\/nw\/policiacas\/detenida-tras-intentar-meter-droga-a-la-carcel-de-playa-del-carmen\/","title":{"rendered":"Detenida tras intentar meter droga a la c\u00e1rcel de Playa del Carmen"},"content":{"rendered":"\n<p><strong>Playa del Carmen.-&nbsp;<\/strong>Una mujer fue asegurada en posesi\u00f3n de narc\u00f3ticos por polic\u00edas de la Secretar\u00eda de Seguridad P\u00fablica y Tr\u00e1nsito Municipal de Solidaridad, en el \u00e1rea de control de visitas del Centro de Retenci\u00f3n Municipal.<\/p>\n\n\n\n<p>Yael \u00abN\u00bb de 31 a\u00f1os de edad, originaria del estado de Veracruz, fue asegurada la tarde del 20 de marzo, en posesi\u00f3n de dos sobres de color azul con la leyenda Alka-Seltzer abiertos por los extremos que conten\u00edan en su interior una sustancia a determinar y un envoltorio color negro con una sustancia tambi\u00e9n a determinar. Los posibles narc\u00f3ticos fueron detectados cuando pas\u00f3 por el \u00e1rea de control de visitas y el binomio canino de la Unidad K9, realiz\u00f3 un marcaje de alerta debido al adiestramiento que tiene para detectar estupefacientes.<\/p>\n\n\n\n<p>Por lo anterior, la mujer fue puesta a disposici\u00f3n de la Fiscal\u00eda General del Estado por la posible comisi\u00f3n de delitos contra la salud.<\/p>\n\n\n\n<p>Fuente: Quequi.<\/p>\n","protected":false},"excerpt":{"rendered":"<p>Playa del Carmen.-&nbsp;Una mujer fue asegurada en posesi\u00f3n de narc\u00f3ticos por polic\u00edas de la Secretar\u00eda de Seguridad P\u00fablica y Tr\u00e1nsito Municipal de Solidaridad, en el \u00e1rea de control de visitas del Centro de Retenci\u00f3n Municipal. Yael \u00abN\u00bb de 31 a\u00f1os de edad, originaria del estado de Veracruz, fue asegurada la tarde del 20 de marzo, [&hellip;]<\/p>\n","protected":false},"author":2,"featured_media":104197,"comment_status":"open","ping_status":"open","sticky":false,"template":"","format":"standard","meta":{"footnotes":""},"categories":[23],"tags":[],"class_list":["post-104196","post","type-post","status-publish","format-standard","has-post-thumbnail","hentry","category-policiacas"],"_links":{"self":[{"href":"http:\/\/elcuartopoder.com.mx\/nw\/wp-json\/wp\/v2\/posts\/104196","targetHints":{"allow":["GET"]}}],"collection":[{"href":"http:\/\/elcuartopoder.com.mx\/nw\/wp-json\/wp\/v2\/posts"}],"about":[{"href":"http:\/\/elcuartopoder.com.mx\/nw\/wp-json\/wp\/v2\/types\/post"}],"author":[{"embeddable":true,"href":"http:\/\/elcuartopoder.com.mx\/nw\/wp-json\/wp\/v2\/users\/2"}],"replies":[{"embeddable":true,"href":"http:\/\/elcuartopoder.com.mx\/nw\/wp-json\/wp\/v2\/comments?post=104196"}],"version-history":[{"count":1,"href":"http:\/\/elcuartopoder.com.mx\/nw\/wp-json\/wp\/v2\/posts\/104196\/revisions"}],"predecessor-version":[{"id":104198,"href":"http:\/\/elcuartopoder.com.mx\/nw\/wp-json\/wp\/v2\/posts\/104196\/revisions\/104198"}],"wp:featuredmedia":[{"embeddable":true,"href":"http:\/\/elcuartopoder.com.mx\/nw\/wp-json\/wp\/v2\/media\/104197"}],"wp:attachment":[{"href":"http:\/\/elcuartopoder.com.mx\/nw\/wp-json\/wp\/v2\/media?parent=104196"}],"wp:term":[{"taxonomy":"category","embeddable":true,"href":"http:\/\/elcuartopoder.com.mx\/nw\/wp-json\/wp\/v2\/categories?post=104196"},{"taxonomy":"post_tag","embeddable":true,"href":"http:\/\/elcuartopoder.com.mx\/nw\/wp-json\/wp\/v2\/tags?post=104196"}],"curies":[{"name":"wp","href":"https:\/\/api.w.org\/{rel}","templated":true}]}}