{"id":104239,"date":"2022-03-23T12:20:08","date_gmt":"2022-03-23T17:20:08","guid":{"rendered":"http:\/\/elcuartopoder.com.mx\/nw\/?p=104239"},"modified":"2022-03-23T12:20:13","modified_gmt":"2022-03-23T17:20:13","slug":"yadier-se-presenta-con-los-cardenales","status":"publish","type":"post","link":"http:\/\/elcuartopoder.com.mx\/nw\/entretenimiento\/deportes\/yadier-se-presenta-con-los-cardenales\/","title":{"rendered":"Yadier se presenta con los Cardenales"},"content":{"rendered":"\n<p>Yadier Molina est\u00e1 de regreso, y tanto \u00e9l como los Cardenales de San Luis no podr\u00edan estar m\u00e1s felices.<\/p>\n\n\n\n<p>Despu\u00e9s de perderse la primera semana de los entrenamientos de primavera por cuestiones personales, el puertorrique\u00f1o de 39 a\u00f1os lleg\u00f3 al complejo de los Cardenales el lunes para lo que probablemente ser\u00e1 su \u00faltimo entrenamiento de primavera.<\/p>\n\n\n\n<p>\u00abLos \u00faltimos dos meses han sido dif\u00edciles, pero todo est\u00e1 bien ahora\u00bb, coment\u00f3 Molina. \u00abEstoy feliz de estar de regreso\u00bb.<\/p>\n\n\n\n<p>Cuando el m\u00e1nager de San Luis Olivier Marmol dio la bienvenida a Molina durante una reuni\u00f3n privada, los v\u00edtores y aplausos de sus compa\u00f1eros de equipo se pod\u00edan escuchar afuera del edificio.<\/p>\n\n\n\n<p>Antes de eso, un Molina sonriente no pod\u00eda dar m\u00e1s de un pu\u00f1ado de pasos sin que otro compa\u00f1ero de equipo se acercara a abrazarlo.<\/p>\n\n\n\n<p>\u00abYa llevo tres abrazos, hace apenas unos minutos le di uno\u00bb, coment\u00f3 el pitcher Adam Wainwright. \u00abProbablemente voy a ir por el cuarto dentro de un minuto. Estoy muy contento de que mi amigo est\u00e9 de regreso\u00bb.<\/p>\n\n\n\n<p>Con 20 aperturas juntos esta temporada, Wainwright y Molina tendr\u00e1n 325 juntos, superando el r\u00e9cord de las Grandes Ligas que ten\u00edan los ex jugadores de los Tigres de Detroit Mickey Lolich y Bill Freehan.<\/p>\n\n\n\n<p>Las Mayores\/Foto tomada de Twitter<\/p>\n\n\n\n<p>fuente: XEunoticias<\/p>\n","protected":false},"excerpt":{"rendered":"<p>Yadier Molina est\u00e1 de regreso, y tanto \u00e9l como los Cardenales de San Luis no podr\u00edan estar m\u00e1s felices. Despu\u00e9s de perderse la primera semana de los entrenamientos de primavera por cuestiones personales, el puertorrique\u00f1o de 39 a\u00f1os lleg\u00f3 al complejo de los Cardenales el lunes para lo que probablemente ser\u00e1 su \u00faltimo entrenamiento de [&hellip;]<\/p>\n","protected":false},"author":2,"featured_media":104240,"comment_status":"open","ping_status":"open","sticky":false,"template":"","format":"standard","meta":{"footnotes":""},"categories":[7],"tags":[],"class_list":["post-104239","post","type-post","status-publish","format-standard","has-post-thumbnail","hentry","category-deportes"],"_links":{"self":[{"href":"http:\/\/elcuartopoder.com.mx\/nw\/wp-json\/wp\/v2\/posts\/104239","targetHints":{"allow":["GET"]}}],"collection":[{"href":"http:\/\/elcuartopoder.com.mx\/nw\/wp-json\/wp\/v2\/posts"}],"about":[{"href":"http:\/\/elcuartopoder.com.mx\/nw\/wp-json\/wp\/v2\/types\/post"}],"author":[{"embeddable":true,"href":"http:\/\/elcuartopoder.com.mx\/nw\/wp-json\/wp\/v2\/users\/2"}],"replies":[{"embeddable":true,"href":"http:\/\/elcuartopoder.com.mx\/nw\/wp-json\/wp\/v2\/comments?post=104239"}],"version-history":[{"count":1,"href":"http:\/\/elcuartopoder.com.mx\/nw\/wp-json\/wp\/v2\/posts\/104239\/revisions"}],"predecessor-version":[{"id":104241,"href":"http:\/\/elcuartopoder.com.mx\/nw\/wp-json\/wp\/v2\/posts\/104239\/revisions\/104241"}],"wp:featuredmedia":[{"embeddable":true,"href":"http:\/\/elcuartopoder.com.mx\/nw\/wp-json\/wp\/v2\/media\/104240"}],"wp:attachment":[{"href":"http:\/\/elcuartopoder.com.mx\/nw\/wp-json\/wp\/v2\/media?parent=104239"}],"wp:term":[{"taxonomy":"category","embeddable":true,"href":"http:\/\/elcuartopoder.com.mx\/nw\/wp-json\/wp\/v2\/categories?post=104239"},{"taxonomy":"post_tag","embeddable":true,"href":"http:\/\/elcuartopoder.com.mx\/nw\/wp-json\/wp\/v2\/tags?post=104239"}],"curies":[{"name":"wp","href":"https:\/\/api.w.org\/{rel}","templated":true}]}}