{"id":104327,"date":"2022-03-26T20:57:47","date_gmt":"2022-03-27T01:57:47","guid":{"rendered":"http:\/\/elcuartopoder.com.mx\/nw\/?p=104327"},"modified":"2022-03-26T20:57:51","modified_gmt":"2022-03-27T01:57:51","slug":"quintana-roo-no-tendra-cambio-de-horario","status":"publish","type":"post","link":"http:\/\/elcuartopoder.com.mx\/nw\/estatales\/quintana-roo-no-tendra-cambio-de-horario\/","title":{"rendered":"QUINTANA ROO NO TENDR\u00c1 CAMBIO DE HORARIO"},"content":{"rendered":"\n<p class=\"wp-block-paragraph\">A una semana del cambio de horario de verano en M\u00e9xico el pr\u00f3ximo 3 de abril, el Ayuntamiento de Benito Ju\u00e1rez informa a la poblaci\u00f3n que Quintana Roo no realiza ese ajuste, por lo que mantendr\u00e1 sin modificaciones.<\/p>\n\n\n\n<p class=\"wp-block-paragraph\">El horario de verano para 2022 entra en vigor a las 2:00 horas del domingo 3 de abril y estar\u00e1 vigente hasta el domingo 30 de octubre, sin embargo, los municipios de la franja fronteriza, Quintana Roo y Sonora no aplican esta medida a diferencia del resto del pa\u00eds.<\/p>\n\n\n\n<p class=\"wp-block-paragraph\">Cabe recordar que esta decisi\u00f3n, se debe a un decreto de reformas a los art\u00edculos 2 y 3 de la Ley del Sistema de Horario en los Estados Unidos Mexicanos publicado en 2015, que incluye la aprobaci\u00f3n de que Quintana Roo pasara al meridiano 75 \u00b0 al oeste de Greenwich y dejara el meridiano 90 \u00b0 oeste, por lo que se cre\u00f3 el tiempo del sureste y no se incluye en el cambio de hora.<\/p>\n\n\n\n<p class=\"wp-block-paragraph\">En dicho documento, se justifica que el fin es promover el turismo y ser m\u00e1s competitivo con otros destinos cercanos en el Caribe, como Bahamas, Cuba, Jamaica y Puerto Rico, as\u00ed como para alcanzar una mejor conectividad a\u00e9rea y menores tiempos de interconexi\u00f3n al manejar un mismo horario con ocho aeropuertos de Canad\u00e1 y con 22 de Estados Unidos.<\/p>\n\n\n\n<p class=\"wp-block-paragraph\">Se recomienda a la poblaci\u00f3n en general y turistas estar atento de la informaci\u00f3n oficial de la autoridad y solamente realizar los ajustes que correspondan &nbsp;&nbsp; en caso de que deban salir de viaje fuera de Quintana Roo a partir de esa fecha. &nbsp;&nbsp;&nbsp;&nbsp;&nbsp;&nbsp;&nbsp;&nbsp;&nbsp;&nbsp;&nbsp;&nbsp;&nbsp;&nbsp;&nbsp;&nbsp;&nbsp;&nbsp;<\/p>\n","protected":false},"excerpt":{"rendered":"<p>A una semana del cambio de horario de verano en M\u00e9xico el pr\u00f3ximo 3 de abril, el Ayuntamiento de Benito Ju\u00e1rez informa a la poblaci\u00f3n que Quintana Roo no realiza ese ajuste, por lo que mantendr\u00e1 sin modificaciones. El horario de verano para 2022 entra en vigor a las 2:00 horas del domingo 3 de [&hellip;]<\/p>\n","protected":false},"author":2,"featured_media":104329,"comment_status":"open","ping_status":"open","sticky":false,"template":"","format":"standard","meta":{"footnotes":""},"categories":[60],"tags":[],"class_list":["post-104327","post","type-post","status-publish","format-standard","has-post-thumbnail","hentry","category-estatales"],"_links":{"self":[{"href":"http:\/\/elcuartopoder.com.mx\/nw\/wp-json\/wp\/v2\/posts\/104327","targetHints":{"allow":["GET"]}}],"collection":[{"href":"http:\/\/elcuartopoder.com.mx\/nw\/wp-json\/wp\/v2\/posts"}],"about":[{"href":"http:\/\/elcuartopoder.com.mx\/nw\/wp-json\/wp\/v2\/types\/post"}],"author":[{"embeddable":true,"href":"http:\/\/elcuartopoder.com.mx\/nw\/wp-json\/wp\/v2\/users\/2"}],"replies":[{"embeddable":true,"href":"http:\/\/elcuartopoder.com.mx\/nw\/wp-json\/wp\/v2\/comments?post=104327"}],"version-history":[{"count":1,"href":"http:\/\/elcuartopoder.com.mx\/nw\/wp-json\/wp\/v2\/posts\/104327\/revisions"}],"predecessor-version":[{"id":104330,"href":"http:\/\/elcuartopoder.com.mx\/nw\/wp-json\/wp\/v2\/posts\/104327\/revisions\/104330"}],"wp:featuredmedia":[{"embeddable":true,"href":"http:\/\/elcuartopoder.com.mx\/nw\/wp-json\/wp\/v2\/media\/104329"}],"wp:attachment":[{"href":"http:\/\/elcuartopoder.com.mx\/nw\/wp-json\/wp\/v2\/media?parent=104327"}],"wp:term":[{"taxonomy":"category","embeddable":true,"href":"http:\/\/elcuartopoder.com.mx\/nw\/wp-json\/wp\/v2\/categories?post=104327"},{"taxonomy":"post_tag","embeddable":true,"href":"http:\/\/elcuartopoder.com.mx\/nw\/wp-json\/wp\/v2\/tags?post=104327"}],"curies":[{"name":"wp","href":"https:\/\/api.w.org\/{rel}","templated":true}]}}